{"id":8598,"date":"2019-01-08T13:27:00","date_gmt":"2019-01-08T10:27:00","guid":{"rendered":"http:\/\/www.assoalawimaroc.com\/?p=8598"},"modified":"2019-05-06T21:06:43","modified_gmt":"2019-05-06T18:06:43","slug":"%d8%a7%d9%84%d8%b0%d9%83%d8%b1%d9%89-%d8%a7%d9%84%d8%a3%d8%b1%d8%a8%d8%b9%d9%88%d9%86-%d9%85%d9%86-%d9%88%d9%81%d9%80%d9%80%d9%80%d9%80%d8%a7%d8%a9-%d8%b3%d9%8a%d8%af%d9%8a-%d8%a7%d9%84%d8%ad%d8%a7","status":"publish","type":"post","link":"https:\/\/www.assoalawimaroc.com\/?p=8598","title":{"rendered":"\u0627\u0644\u0630\u0643\u0631\u0649 \u0627\u0644\u0623\u0631\u0628\u0639\u0648\u0646 \u0645\u0646 \u0648\u0641\u0640\u0640\u0640\u0640\u0627\u0629 \u0633\u064a\u062f\u064a \u0627\u0644\u062d\u0627\u062c \u062d\u0633\u0646 \u0627\u0644\u0643\u0631\u0648\u0634\u064a \u0628\u0623\u0644\u0645\u0627\u0646\u064a\u0627 13 \u0623\u0628\u0631\u064a\u0644 2019"},"content":{"rendered":"<div id=\"fb-root\"><\/div>\n<p><script async=\"1\" defer=\"1\" crossorigin=\"anonymous\" src=\"https:\/\/connect.facebook.net\/de_DE\/sdk.js#xfbml=1&amp;version=v3.3\"><\/script><\/p>\n<div class=\"fb-video\" data-href=\"https:\/\/www.facebook.com\/cheikh.bentounes\/videos\/1310823805746752\/\" data-width=\"1170\">\n<blockquote cite=\"https:\/\/www.facebook.com\/cheikh.bentounes\/videos\/1310823805746752\/\" class=\"fb-xfbml-parse-ignore\"><p><a href=\"https:\/\/www.facebook.com\/cheikh.bentounes\/videos\/1310823805746752\/\"><\/a><\/p>\n<p>En direct de Francfort (Allemagne), la r\u00e9union spirituelle en hommage au Fakir notre fr\u00e8re Sidi Hassan El Carrouchi \u00e0 l\u2019occasion du 40e jour de son d\u00e9part vers son Seigneur<\/p>\n<p>Gepostet von <a href=\"https:\/\/www.facebook.com\/cheikh.bentounes\/\">Cheikh Khaled Bentounes<\/a> am Samstag, 13. April 2019<\/p><\/blockquote>\n<\/div>\n<p style=\"text-align: center;\"><mark class=\"bs-highlight bs-highlight-default\">En direct de Francfort (Allemagne), la r\u00e9union spirituelle en hommage au Fakir notre fr\u00e8re Sidi Hassan El Carrouchi \u00e0 l\u2019occasion du 40e jour de son d\u00e9part vers son Seigneur<\/mark><\/p>\n<p><img decoding=\"async\" loading=\"lazy\" class=\"aligncenter size-full wp-image-8600\" src=\"http:\/\/www.assoalawimaroc.com\/wp-content\/uploads\/2019\/04\/56839701_2543111359036956_4174465056433504256_n.jpg\" alt=\"\" width=\"533\" height=\"742\" srcset=\"https:\/\/www.assoalawimaroc.com\/wp-content\/uploads\/2019\/04\/56839701_2543111359036956_4174465056433504256_n.jpg 533w, https:\/\/www.assoalawimaroc.com\/wp-content\/uploads\/2019\/04\/56839701_2543111359036956_4174465056433504256_n-215x300.jpg 215w\" sizes=\"(max-width: 533px) 100vw, 533px\" \/><\/p>\n","protected":false},"excerpt":{"rendered":"<p>En direct de Francfort (Allemagne), la r\u00e9union spirituelle en hommage au Fakir notre fr\u00e8re Sidi Hassan El Carrouchi \u00e0 l\u2019occasion du 40e jour de son d\u00e9part vers son Seigneur Gepostet von Cheikh Khaled Bentounes am Samstag, 13. April 2019 En direct de Francfort (Allemagne), la r\u00e9union spirituelle en hommage au Fakir notre fr\u00e8re Sidi Hassan [&hellip;]<\/p>\n","protected":false},"author":2,"featured_media":8599,"comment_status":"open","ping_status":"open","sticky":false,"template":"","format":"video","meta":{"footnotes":""},"categories":[46],"tags":[],"views":510,"_links":{"self":[{"href":"https:\/\/www.assoalawimaroc.com\/index.php?rest_route=\/wp\/v2\/posts\/8598"}],"collection":[{"href":"https:\/\/www.assoalawimaroc.com\/index.php?rest_route=\/wp\/v2\/posts"}],"about":[{"href":"https:\/\/www.assoalawimaroc.com\/index.php?rest_route=\/wp\/v2\/types\/post"}],"author":[{"embeddable":true,"href":"https:\/\/www.assoalawimaroc.com\/index.php?rest_route=\/wp\/v2\/users\/2"}],"replies":[{"embeddable":true,"href":"https:\/\/www.assoalawimaroc.com\/index.php?rest_route=%2Fwp%2Fv2%2Fcomments&post=8598"}],"version-history":[{"count":4,"href":"https:\/\/www.assoalawimaroc.com\/index.php?rest_route=\/wp\/v2\/posts\/8598\/revisions"}],"predecessor-version":[{"id":8628,"href":"https:\/\/www.assoalawimaroc.com\/index.php?rest_route=\/wp\/v2\/posts\/8598\/revisions\/8628"}],"wp:featuredmedia":[{"embeddable":true,"href":"https:\/\/www.assoalawimaroc.com\/index.php?rest_route=\/wp\/v2\/media\/8599"}],"wp:attachment":[{"href":"https:\/\/www.assoalawimaroc.com\/index.php?rest_route=%2Fwp%2Fv2%2Fmedia&parent=8598"}],"wp:term":[{"taxonomy":"category","embeddable":true,"href":"https:\/\/www.assoalawimaroc.com\/index.php?rest_route=%2Fwp%2Fv2%2Fcategories&post=8598"},{"taxonomy":"post_tag","embeddable":true,"href":"https:\/\/www.assoalawimaroc.com\/index.php?rest_route=%2Fwp%2Fv2%2Ftags&post=8598"}],"curies":[{"name":"wp","href":"https:\/\/api.w.org\/{rel}","templated":true}]}}