{"id":8528,"date":"2019-03-23T14:48:37","date_gmt":"2019-03-23T11:48:37","guid":{"rendered":"http:\/\/www.assoalawimaroc.com\/?p=8528"},"modified":"2019-03-23T14:48:37","modified_gmt":"2019-03-23T11:48:37","slug":"nous-avons-le-plaisir-de-vous-inviter-a-la-44-eme-commemoration-du-cheikh-sidi-hajj-el-mehdi-bentounes","status":"publish","type":"post","link":"https:\/\/www.assoalawimaroc.com\/?p=8528","title":{"rendered":"Nous avons le plaisir de vous inviter \u00e0 la 44 \u00e8me comm\u00e9moration du Cheikh SIDI Hajj El-Mehdi BENTOUNES"},"content":{"rendered":"<p style=\"margin: 0cm 0cm 0.0001pt; background: white none repeat scroll 0% 0%; text-align: left;\"><span style=\"font-family: 'Cambria',serif; color: black;\">Ch\u00e8res Soeurs, Chers Fr\u00e8res<\/span><\/p>\n<p style=\"margin: 0cm 0cm 0.0001pt; background: white none repeat scroll 0% 0%; font-variant-ligatures: normal; font-variant-caps: normal; text-align: left; -webkit-text-stroke-width: 0px; text-decoration-style: initial; text-decoration-color: initial; word-spacing: 0px;\"><span style=\"font-family: 'Calibri',sans-serif; color: black;\">\u00a0<\/span><\/p>\n<p style=\"margin: 0cm 0cm 0.0001pt; background: white none repeat scroll 0% 0%; font-variant-ligatures: normal; font-variant-caps: normal; text-align: left; -webkit-text-stroke-width: 0px; text-decoration-style: initial; text-decoration-color: initial; word-spacing: 0px;\"><span style=\"font-family: 'Cambria',serif; color: black;\">Nous avons le plaisir de vous inviter \u00e0 la 44 \u00e8me comm\u00e9moration du Cheikh SIDI Hajj El-Mehdi BENTOUNES qui aura\u00a0\u00a0le lieu le 27 Avril\u00a0dans les alentours de la ville d&#8217;Orl\u00e9ans.\u00a0<\/span><\/p>\n<p style=\"margin: 0cm 0cm 0.0001pt; background: white none repeat scroll 0% 0%; font-variant-ligatures: normal; font-variant-caps: normal; text-align: left; -webkit-text-stroke-width: 0px; text-decoration-style: initial; text-decoration-color: initial; word-spacing: 0px;\"><span style=\"font-family: 'Cambria',serif; color: black;\">Pour plus d&#8217;informations,\u00a0veuillez vous r\u00e9f\u00e9rer \u00e0 la pi\u00e8ce jointe.<\/span><\/p>\n<p style=\"margin: 0cm 0cm 0.0001pt; background: white none repeat scroll 0% 0%; font-variant-ligatures: normal; font-variant-caps: normal; text-align: left; -webkit-text-stroke-width: 0px; text-decoration-style: initial; text-decoration-color: initial; word-spacing: 0px;\"><span style=\"font-family: 'Calibri',sans-serif; color: black;\">\u00a0<\/span><\/p>\n<p style=\"margin: 0cm 0cm 0.0001pt; background: white none repeat scroll 0% 0%; font-variant-ligatures: normal; font-variant-caps: normal; text-align: left; -webkit-text-stroke-width: 0px; text-decoration-style: initial; text-decoration-color: initial; word-spacing: 0px;\"><span style=\"font-family: 'Cambria',serif; color: black;\">En attendant de vous rencontrer,\u00a0recevez nos salutations les plus fraternelles<\/span><\/p>\n<p style=\"margin: 0cm 0cm 0.0001pt; background: white none repeat scroll 0% 0%; font-variant-ligatures: normal; font-variant-caps: normal; text-align: left; -webkit-text-stroke-width: 0px; text-decoration-style: initial; text-decoration-color: initial; word-spacing: 0px;\"><span style=\"font-family: 'Calibri',sans-serif; color: black;\">\u00a0<\/span><\/p>\n<p style=\"margin: 0cm 0cm 0.0001pt; background: white none repeat scroll 0% 0%; font-variant-ligatures: normal; font-variant-caps: normal; text-align: left; -webkit-text-stroke-width: 0px; text-decoration-style: initial; text-decoration-color: initial; word-spacing: 0px;\"><span style=\"font-family: 'Cambria',serif; color: black;\">Abdelali RENNANE<\/span><\/p>\n<p style=\"margin: 0cm 0cm 0.0001pt; background: white none repeat scroll 0% 0%; font-variant-ligatures: normal; font-variant-caps: normal; text-align: left; -webkit-text-stroke-width: 0px; text-decoration-style: initial; text-decoration-color: initial; word-spacing: 0px;\"><span style=\"font-family: 'Cambria',serif; color: black;\">Pour AISA-FRANCE<\/span><\/p>\n<p><img decoding=\"async\" loading=\"lazy\" class=\"aligncenter size-full wp-image-8531\" src=\"http:\/\/www.assoalawimaroc.com\/wp-content\/uploads\/2019\/03\/111.jpg\" alt=\"\" width=\"1000\" height=\"1413\" srcset=\"https:\/\/www.assoalawimaroc.com\/wp-content\/uploads\/2019\/03\/111.jpg 1000w, https:\/\/www.assoalawimaroc.com\/wp-content\/uploads\/2019\/03\/111-212x300.jpg 212w, https:\/\/www.assoalawimaroc.com\/wp-content\/uploads\/2019\/03\/111-768x1085.jpg 768w, https:\/\/www.assoalawimaroc.com\/wp-content\/uploads\/2019\/03\/111-725x1024.jpg 725w\" sizes=\"(max-width: 1000px) 100vw, 1000px\" \/><img decoding=\"async\" loading=\"lazy\" class=\"aligncenter size-full wp-image-8530\" src=\"http:\/\/www.assoalawimaroc.com\/wp-content\/uploads\/2019\/03\/22.jpg\" alt=\"\" width=\"1000\" height=\"1413\" srcset=\"https:\/\/www.assoalawimaroc.com\/wp-content\/uploads\/2019\/03\/22.jpg 1000w, https:\/\/www.assoalawimaroc.com\/wp-content\/uploads\/2019\/03\/22-212x300.jpg 212w, https:\/\/www.assoalawimaroc.com\/wp-content\/uploads\/2019\/03\/22-768x1085.jpg 768w, https:\/\/www.assoalawimaroc.com\/wp-content\/uploads\/2019\/03\/22-725x1024.jpg 725w\" sizes=\"(max-width: 1000px) 100vw, 1000px\" \/><\/p>\n","protected":false},"excerpt":{"rendered":"<p>Ch\u00e8res Soeurs, Chers Fr\u00e8res \u00a0 Nous avons le plaisir de vous inviter \u00e0 la 44 \u00e8me comm\u00e9moration du Cheikh SIDI Hajj El-Mehdi BENTOUNES qui aura\u00a0\u00a0le lieu le 27 Avril\u00a0dans les alentours de la ville d&#8217;Orl\u00e9ans.\u00a0 Pour plus d&#8217;informations,\u00a0veuillez vous r\u00e9f\u00e9rer \u00e0 la pi\u00e8ce jointe. \u00a0 En attendant de vous rencontrer,\u00a0recevez nos salutations les plus fraternelles [&hellip;]<\/p>\n","protected":false},"author":2,"featured_media":8529,"comment_status":"open","ping_status":"open","sticky":false,"template":"","format":"standard","meta":{"footnotes":""},"categories":[29],"tags":[],"views":541,"_links":{"self":[{"href":"https:\/\/www.assoalawimaroc.com\/index.php?rest_route=\/wp\/v2\/posts\/8528"}],"collection":[{"href":"https:\/\/www.assoalawimaroc.com\/index.php?rest_route=\/wp\/v2\/posts"}],"about":[{"href":"https:\/\/www.assoalawimaroc.com\/index.php?rest_route=\/wp\/v2\/types\/post"}],"author":[{"embeddable":true,"href":"https:\/\/www.assoalawimaroc.com\/index.php?rest_route=\/wp\/v2\/users\/2"}],"replies":[{"embeddable":true,"href":"https:\/\/www.assoalawimaroc.com\/index.php?rest_route=%2Fwp%2Fv2%2Fcomments&post=8528"}],"version-history":[{"count":1,"href":"https:\/\/www.assoalawimaroc.com\/index.php?rest_route=\/wp\/v2\/posts\/8528\/revisions"}],"predecessor-version":[{"id":8532,"href":"https:\/\/www.assoalawimaroc.com\/index.php?rest_route=\/wp\/v2\/posts\/8528\/revisions\/8532"}],"wp:featuredmedia":[{"embeddable":true,"href":"https:\/\/www.assoalawimaroc.com\/index.php?rest_route=\/wp\/v2\/media\/8529"}],"wp:attachment":[{"href":"https:\/\/www.assoalawimaroc.com\/index.php?rest_route=%2Fwp%2Fv2%2Fmedia&parent=8528"}],"wp:term":[{"taxonomy":"category","embeddable":true,"href":"https:\/\/www.assoalawimaroc.com\/index.php?rest_route=%2Fwp%2Fv2%2Fcategories&post=8528"},{"taxonomy":"post_tag","embeddable":true,"href":"https:\/\/www.assoalawimaroc.com\/index.php?rest_route=%2Fwp%2Fv2%2Ftags&post=8528"}],"curies":[{"name":"wp","href":"https:\/\/api.w.org\/{rel}","templated":true}]}}