{"id":8033,"date":"2018-12-25T15:50:17","date_gmt":"2018-12-25T12:50:17","guid":{"rendered":"http:\/\/www.assoalawimaroc.com\/?p=8033"},"modified":"2018-12-25T15:50:17","modified_gmt":"2018-12-25T12:50:17","slug":"%d8%a8%d9%85%d9%86%d8%a7%d8%b3%d8%a8%d8%a9-%d8%b0%d9%83%d8%b1%d9%89-%d9%85%d8%b1%d9%88%d8%b1-800-%d8%b9%d8%a7%d9%85-%d8%b9%d9%84%d9%89-%d8%a7%d9%84%d8%b1%d9%88%d8%ad%d9%8a-%d8%a7%d9%84%d8%b5%d9%88","status":"publish","type":"post","link":"https:\/\/www.assoalawimaroc.com\/?p=8033","title":{"rendered":"\u0628\u0645\u0646\u0627\u0633\u0628\u0629 \u0630\u0643\u0631\u0649 \u0645\u0631\u0648\u0631 800 \u0639\u0627\u0645 \u0639\u0644\u0649 \u0627\u0644\u0631\u0648\u062d\u064a \u0627\u0644\u0635\u0648\u0641\u064a \u0623\u0628\u0648 \u0627\u0644\u0639\u0628\u0627\u0633 \u0627\u0644\u0645\u0631\u0633\u064a \u060c \u0627\u0644\u0645\u0648\u0644\u0648\u062f \u0639\u0627\u0645 1219 \u0648\u062a\u0648\u0641\u064a \u0641\u064a \u0639\u0627\u0645 1281 \u060c \u0646\u0638\u0645\u062a \u062c\u0645\u0639\u064a\u0629 \u0635\u0648\u0641\u064a\u0629 \u0639\u0644\u0648\u064a \u0627\u0644\u062f\u0648\u0644\u064a\u0629 \u060c \u0648\u0647\u064a \u0645\u0646\u0638\u0645\u0629 \u062f\u0648\u0644\u064a\u0629 \u063a\u064a\u0631 \u062d\u0643\u0648\u0645\u064a\u0629 \u0641\u064a \u0625\u0633\u0628\u0627\u0646\u064a\u0627 \u060c \u0645\u0624\u062a\u0645\u0631\u0627\u064b \u062f\u0648\u0644\u064a\u0627\u064b \u0641\u064a 30 \u0648 31 \u062f\u064a\u0633\u0645\u0628\u0631. \u0645\u0648\u0631\u0633\u064a\u0627"},"content":{"rendered":"<p>http:\/\/www.rtve.es\/m\/alacarta\/videos\/medina-en-tve\/medina-tve-aisa-murcia\/4907642\/?media=tve<\/p>\n<p>http:\/\/www.rtve.es\/alacarta\/videos\/medina-en-tve\/medina-tve-aisa-murcia\/4907642\/<\/p>\n<p><a href=\"http:\/\/www.rtve.es\/alacarta\/videos\/medina-en-tve\/medina-tve-aisa-murcia\/4907642\/\">http:\/\/www.rtve.es\/alacarta\/videos\/medina-en-tve\/medina-tve-aisa-murcia\/4907642<\/a><\/p>\n<div class=\"textoContenidos\">\n<div class=\"text\">\n<p style=\"text-align: left;\"><span style=\"color: #0000ff;\">Con motivo del 800 aniversario del gran maestro espiritual suf\u00ed Abu al-Abbas al-Mursi, nacido en 1219 y fallecido en 1281, los miembros de Asociaci\u00f3n Internacional Suf\u00ed Alau\u00ed, ONG internacional en Espa\u00f1a organizan un congreso internacional los d\u00edas 30 y 31 de diciembre en Murcia<\/span><\/p>\n<\/div>\n<\/div>\n<p><img decoding=\"async\" loading=\"lazy\" class=\"aligncenter size-full wp-image-8034\" src=\"http:\/\/www.assoalawimaroc.com\/wp-content\/uploads\/2018\/12\/10-1.png\" alt=\"\" width=\"600\" height=\"400\" srcset=\"https:\/\/www.assoalawimaroc.com\/wp-content\/uploads\/2018\/12\/10-1.png 600w, https:\/\/www.assoalawimaroc.com\/wp-content\/uploads\/2018\/12\/10-1-300x200.png 300w, https:\/\/www.assoalawimaroc.com\/wp-content\/uploads\/2018\/12\/10-1-450x300.png 450w\" sizes=\"(max-width: 600px) 100vw, 600px\" \/> <img decoding=\"async\" loading=\"lazy\" class=\"aligncenter size-full wp-image-8035\" src=\"http:\/\/www.assoalawimaroc.com\/wp-content\/uploads\/2018\/12\/11.png\" alt=\"\" width=\"600\" height=\"400\" srcset=\"https:\/\/www.assoalawimaroc.com\/wp-content\/uploads\/2018\/12\/11.png 600w, https:\/\/www.assoalawimaroc.com\/wp-content\/uploads\/2018\/12\/11-300x200.png 300w, https:\/\/www.assoalawimaroc.com\/wp-content\/uploads\/2018\/12\/11-450x300.png 450w\" sizes=\"(max-width: 600px) 100vw, 600px\" \/><\/p>\n","protected":false},"excerpt":{"rendered":"<p>http:\/\/www.rtve.es\/m\/alacarta\/videos\/medina-en-tve\/medina-tve-aisa-murcia\/4907642\/?media=tve http:\/\/www.rtve.es\/alacarta\/videos\/medina-en-tve\/medina-tve-aisa-murcia\/4907642\/ http:\/\/www.rtve.es\/alacarta\/videos\/medina-en-tve\/medina-tve-aisa-murcia\/4907642 Con motivo del 800 aniversario del gran maestro espiritual suf\u00ed Abu al-Abbas al-Mursi, nacido en 1219 y fallecido en 1281, los miembros de Asociaci\u00f3n Internacional Suf\u00ed Alau\u00ed, ONG internacional en Espa\u00f1a organizan un congreso internacional los d\u00edas 30 y 31 de diciembre en Murcia<\/p>\n","protected":false},"author":2,"featured_media":8035,"comment_status":"open","ping_status":"open","sticky":false,"template":"","format":"video","meta":{"footnotes":""},"categories":[6],"tags":[],"views":389,"_links":{"self":[{"href":"https:\/\/www.assoalawimaroc.com\/index.php?rest_route=\/wp\/v2\/posts\/8033"}],"collection":[{"href":"https:\/\/www.assoalawimaroc.com\/index.php?rest_route=\/wp\/v2\/posts"}],"about":[{"href":"https:\/\/www.assoalawimaroc.com\/index.php?rest_route=\/wp\/v2\/types\/post"}],"author":[{"embeddable":true,"href":"https:\/\/www.assoalawimaroc.com\/index.php?rest_route=\/wp\/v2\/users\/2"}],"replies":[{"embeddable":true,"href":"https:\/\/www.assoalawimaroc.com\/index.php?rest_route=%2Fwp%2Fv2%2Fcomments&post=8033"}],"version-history":[{"count":1,"href":"https:\/\/www.assoalawimaroc.com\/index.php?rest_route=\/wp\/v2\/posts\/8033\/revisions"}],"predecessor-version":[{"id":8036,"href":"https:\/\/www.assoalawimaroc.com\/index.php?rest_route=\/wp\/v2\/posts\/8033\/revisions\/8036"}],"wp:featuredmedia":[{"embeddable":true,"href":"https:\/\/www.assoalawimaroc.com\/index.php?rest_route=\/wp\/v2\/media\/8035"}],"wp:attachment":[{"href":"https:\/\/www.assoalawimaroc.com\/index.php?rest_route=%2Fwp%2Fv2%2Fmedia&parent=8033"}],"wp:term":[{"taxonomy":"category","embeddable":true,"href":"https:\/\/www.assoalawimaroc.com\/index.php?rest_route=%2Fwp%2Fv2%2Fcategories&post=8033"},{"taxonomy":"post_tag","embeddable":true,"href":"https:\/\/www.assoalawimaroc.com\/index.php?rest_route=%2Fwp%2Fv2%2Ftags&post=8033"}],"curies":[{"name":"wp","href":"https:\/\/api.w.org\/{rel}","templated":true}]}}