{"id":7201,"date":"2018-01-10T19:06:32","date_gmt":"2018-01-10T16:06:32","guid":{"rendered":"http:\/\/www.assoalawimaroc.com\/?p=7201"},"modified":"2018-10-01T12:50:15","modified_gmt":"2018-10-01T09:50:15","slug":"%d9%86%d8%ad%d9%8a%d8%b7%d9%83%d9%85-%d8%b9%d9%84%d9%85%d8%a7-%d8%a7%d9%86%d9%87-%d8%b3%d8%aa%d9%82%d8%a7%d9%85-%d9%8a%d9%88%d9%85-%d8%a7%d9%84%d8%ac%d9%85%d8%b9%d8%a9-14-09-2018-%d8%a8%d8%b9%d8%af","status":"publish","type":"post","link":"https:\/\/www.assoalawimaroc.com\/?p=7201","title":{"rendered":"\u0646\u062d\u064a\u0637\u0643\u0645 \u0639\u0644\u0645\u0627 \u0627\u0646\u0647 \u0633\u062a\u0642\u0627\u0645 \u064a\u0648\u0645 \u0627\u0644\u062c\u0645\u0639\u0629 14 \u0634\u062a\u0646\u0628\u0631 2018 \u0628\u0639\u062f \u0635\u0644\u0627\u0629 \u0627\u0644\u0639\u0635\u0631\u060c \u0630\u0643\u0631\u0649 \u0627\u0644\u0623\u0631\u0628\u0639\u0648\u0646 \u0644\u0648\u0641\u0627\u0629 \u0645\u0642\u062f\u0645 \u0627\u0644\u0632\u0627\u0648\u064a\u0629 \u0627\u0644\u0639\u0644\u0627\u0648\u064a\u0629 \u0627\u0644\u0643\u0628\u0631\u0649 \u0628\u0645\u0633\u062a\u063a\u0627\u0646\u0645\u060c \u0627\u0644\u062d\u0627\u062c \u0628\u0646 \u0639\u0648\u062f\u0629 \u0628\u0646 \u062a\u0648\u0646\u0633."},"content":{"rendered":"<p><a href=\"http:\/\/www.assoalawimaroc.com\/?attachment_id=7202\"><img decoding=\"async\" loading=\"lazy\" class=\"alignright wp-image-7202\" src=\"http:\/\/www.assoalawimaroc.com\/wp-content\/uploads\/2018\/09\/123.jpg\" alt=\"\" width=\"188\" height=\"203\" srcset=\"https:\/\/www.assoalawimaroc.com\/wp-content\/uploads\/2018\/09\/123.jpg 890w, https:\/\/www.assoalawimaroc.com\/wp-content\/uploads\/2018\/09\/123-278x300.jpg 278w, https:\/\/www.assoalawimaroc.com\/wp-content\/uploads\/2018\/09\/123-768x828.jpg 768w\" sizes=\"(max-width: 188px) 100vw, 188px\" \/><\/a>\u0627\u0644\u0633\u0644\u0627\u0645 \u0639\u0644\u064a\u0643\u0645\u060c<\/p>\n<p>\u0646\u062d\u064a\u0637\u0643\u0645 \u0639\u0644\u0645\u0627 \u0627\u0646\u0647 \u0633\u062a\u0642\u0627\u0645 \u064a\u0648\u0645 \u0627\u0644\u062c\u0645\u0639\u0629 14\/09\/2018\u0628\u0639\u062f \u0635\u0644\u0627\u0629 \u0627\u0644\u0639\u0635\u0631\u060c\u00a0\u0630\u0643\u0631\u0649 \u0627\u0644\u0623\u0631\u0628\u0639\u0648\u0646 \u0644\u0648\u0641\u0627\u0629 \u0645\u0642\u062f\u0645 \u0627\u0644\u0632\u0627\u0648\u064a\u0629 \u0627\u0644\u0639\u0644\u0627\u0648\u064a\u0629 \u0627\u0644\u0643\u0628\u0631\u0649 \u0628\u0645\u0633\u062a\u063a\u0627\u0646\u0645\u060c \u0627\u0644\u062d\u0627\u062c \u0628\u0646 \u0639\u0648\u062f\u0629 \u0628\u0646 \u062a\u0648\u0646\u0633.<\/p>\n<p style=\"text-align: left;\"><span style=\"color: #0000ff;\">Bonjour : Nous vous informons que le quaranti\u00e8me jour du Mokadem\u00a0 de la zaouia Alawiyya M\u00e8re de Mostaganem\u00a0Hadj Benaouda Bentounes, sera c\u00e9l\u00e9br\u00e9 <\/span><span style=\"color: #0000ff;\">le\u00a0\u00a0vendredi 14\/09\/2018\u00a0 apr\u00e8s la pri\u00e8re de &#8216;Asr<\/span><\/p>\n<p><iframe loading=\"lazy\" width=\"1170\" height=\"658\" src=\"https:\/\/www.youtube.com\/embed\/MOwPySMaG0U?feature=oembed\" frameborder=\"0\" allow=\"autoplay; encrypted-media\" allowfullscreen><\/iframe><\/p>\n<p><a href=\"http:\/\/www.assoalawimaroc.com\/wp-content\/uploads\/2018\/09\/41961281_2196621000579507_7356780873510813696_n.jpg\"><img decoding=\"async\" loading=\"lazy\" class=\"alignright size-full wp-image-7269\" src=\"http:\/\/www.assoalawimaroc.com\/wp-content\/uploads\/2018\/09\/41961281_2196621000579507_7356780873510813696_n.jpg\" alt=\"\" width=\"850\" height=\"708\" srcset=\"https:\/\/www.assoalawimaroc.com\/wp-content\/uploads\/2018\/09\/41961281_2196621000579507_7356780873510813696_n.jpg 850w, https:\/\/www.assoalawimaroc.com\/wp-content\/uploads\/2018\/09\/41961281_2196621000579507_7356780873510813696_n-300x250.jpg 300w, https:\/\/www.assoalawimaroc.com\/wp-content\/uploads\/2018\/09\/41961281_2196621000579507_7356780873510813696_n-768x640.jpg 768w\" sizes=\"(max-width: 850px) 100vw, 850px\" \/><\/a><\/p>\n<p style=\"text-align: center;\"><img decoding=\"async\" loading=\"lazy\" class=\"aligncenter wp-image-7229 size-full\" src=\"http:\/\/www.assoalawimaroc.com\/wp-content\/uploads\/2018\/09\/41697188_400524517146101_1136294938879721472_n.jpg\" alt=\"\" width=\"537\" height=\"960\" srcset=\"https:\/\/www.assoalawimaroc.com\/wp-content\/uploads\/2018\/09\/41697188_400524517146101_1136294938879721472_n.jpg 537w, https:\/\/www.assoalawimaroc.com\/wp-content\/uploads\/2018\/09\/41697188_400524517146101_1136294938879721472_n-168x300.jpg 168w\" sizes=\"(max-width: 537px) 100vw, 537px\" \/><span style=\"color: #0000ff;\">Aujourd&#8217;hui le jeudi 13 septembre 2018 ,construction de la tombe du d\u00e9funt Hadj Benaouda Bentounes,Mokadem de la Zaouia Allawia de Mostaganem&#8230;&#8230;&#8230;..Allah yerhmou<\/span><\/p>\n","protected":false},"excerpt":{"rendered":"<p>\u0627\u0644\u0633\u0644\u0627\u0645 \u0639\u0644\u064a\u0643\u0645\u060c \u0646\u062d\u064a\u0637\u0643\u0645 \u0639\u0644\u0645\u0627 \u0627\u0646\u0647 \u0633\u062a\u0642\u0627\u0645 \u064a\u0648\u0645 \u0627\u0644\u062c\u0645\u0639\u0629 14\/09\/2018\u0628\u0639\u062f \u0635\u0644\u0627\u0629 \u0627\u0644\u0639\u0635\u0631\u060c\u00a0\u0630\u0643\u0631\u0649 \u0627\u0644\u0623\u0631\u0628\u0639\u0648\u0646 \u0644\u0648\u0641\u0627\u0629 \u0645\u0642\u062f\u0645 \u0627\u0644\u0632\u0627\u0648\u064a\u0629 \u0627\u0644\u0639\u0644\u0627\u0648\u064a\u0629 \u0627\u0644\u0643\u0628\u0631\u0649 \u0628\u0645\u0633\u062a\u063a\u0627\u0646\u0645\u060c \u0627\u0644\u062d\u0627\u062c \u0628\u0646 \u0639\u0648\u062f\u0629 \u0628\u0646 \u062a\u0648\u0646\u0633. Bonjour : Nous vous informons que le quaranti\u00e8me jour du Mokadem\u00a0 de la zaouia Alawiyya M\u00e8re de Mostaganem\u00a0Hadj Benaouda Bentounes, sera c\u00e9l\u00e9br\u00e9 le\u00a0\u00a0vendredi 14\/09\/2018\u00a0 apr\u00e8s la pri\u00e8re de &#8216;Asr Aujourd&#8217;hui le jeudi [&hellip;]<\/p>\n","protected":false},"author":2,"featured_media":7203,"comment_status":"open","ping_status":"open","sticky":false,"template":"","format":"standard","meta":{"footnotes":""},"categories":[46],"tags":[],"views":504,"_links":{"self":[{"href":"https:\/\/www.assoalawimaroc.com\/index.php?rest_route=\/wp\/v2\/posts\/7201"}],"collection":[{"href":"https:\/\/www.assoalawimaroc.com\/index.php?rest_route=\/wp\/v2\/posts"}],"about":[{"href":"https:\/\/www.assoalawimaroc.com\/index.php?rest_route=\/wp\/v2\/types\/post"}],"author":[{"embeddable":true,"href":"https:\/\/www.assoalawimaroc.com\/index.php?rest_route=\/wp\/v2\/users\/2"}],"replies":[{"embeddable":true,"href":"https:\/\/www.assoalawimaroc.com\/index.php?rest_route=%2Fwp%2Fv2%2Fcomments&post=7201"}],"version-history":[{"count":10,"href":"https:\/\/www.assoalawimaroc.com\/index.php?rest_route=\/wp\/v2\/posts\/7201\/revisions"}],"predecessor-version":[{"id":7270,"href":"https:\/\/www.assoalawimaroc.com\/index.php?rest_route=\/wp\/v2\/posts\/7201\/revisions\/7270"}],"wp:featuredmedia":[{"embeddable":true,"href":"https:\/\/www.assoalawimaroc.com\/index.php?rest_route=\/wp\/v2\/media\/7203"}],"wp:attachment":[{"href":"https:\/\/www.assoalawimaroc.com\/index.php?rest_route=%2Fwp%2Fv2%2Fmedia&parent=7201"}],"wp:term":[{"taxonomy":"category","embeddable":true,"href":"https:\/\/www.assoalawimaroc.com\/index.php?rest_route=%2Fwp%2Fv2%2Fcategories&post=7201"},{"taxonomy":"post_tag","embeddable":true,"href":"https:\/\/www.assoalawimaroc.com\/index.php?rest_route=%2Fwp%2Fv2%2Ftags&post=7201"}],"curies":[{"name":"wp","href":"https:\/\/api.w.org\/{rel}","templated":true}]}}