{"id":6907,"date":"2018-04-25T02:07:12","date_gmt":"2018-04-24T23:07:12","guid":{"rendered":"http:\/\/www.assoalawimaroc.com\/?p=6907"},"modified":"2018-06-28T19:17:29","modified_gmt":"2018-06-28T16:17:29","slug":"6907","status":"publish","type":"post","link":"https:\/\/www.assoalawimaroc.com\/?p=6907","title":{"rendered":"\u0648\u0641\u0627\u062a \u0647\u0630\u0627 \u0627\u0644\u064a\u0648\u0645 \u0627\u0644\u0627\u062d\u062f 24 &#8211; 06 &#8211; 2018 \u0627\u0644\u062d\u0627\u062c \u0627\u062d\u0645\u062f \u0627\u0644\u062d\u062d\u0627\u0648\u064a \u0645\u0646 \u0645\u062f\u064a\u0646\u0629 \u062a\u0648\u0644\u0648\u0632 \u0627\u0644\u0641\u0631\u0646\u0633\u064a\u0629"},"content":{"rendered":"<p><img decoding=\"async\" loading=\"lazy\" class=\"aligncenter wp-image-6918 size-full\" src=\"http:\/\/www.assoalawimaroc.com\/wp-content\/uploads\/2018\/06\/\u0627\u0644\u0645\u0648\u0642\u0639-\u062c\u0645\u0639\u064a\u0629-\u0627\u0644\u0634\u064a\u062e-\u0627\u0644\u0639\u0644\u0627\u0648\u064a.jpg\" alt=\"\" width=\"650\" height=\"749\" srcset=\"https:\/\/www.assoalawimaroc.com\/wp-content\/uploads\/2018\/06\/\u0627\u0644\u0645\u0648\u0642\u0639-\u062c\u0645\u0639\u064a\u0629-\u0627\u0644\u0634\u064a\u062e-\u0627\u0644\u0639\u0644\u0627\u0648\u064a.jpg 650w, https:\/\/www.assoalawimaroc.com\/wp-content\/uploads\/2018\/06\/\u0627\u0644\u0645\u0648\u0642\u0639-\u062c\u0645\u0639\u064a\u0629-\u0627\u0644\u0634\u064a\u062e-\u0627\u0644\u0639\u0644\u0627\u0648\u064a-260x300.jpg 260w\" sizes=\"(max-width: 650px) 100vw, 650px\" \/><\/p>\n<h6 style=\"text-align: center;\"><mark class=\"bs-highlight bs-highlight-default\">\u062a\u0634\u064a\u064a\u0639 \u062c\u0646\u0627\u0632\u0629 \u0627\u0644\u0645\u0631\u062d\u0648\u0645 \u062a\u0643\u0648\u0646 \u064a\u0648\u0645 \u0627\u0644\u0625\u062b\u0627\u0646\u064a\u0646 2018\/06\/25 \u0645\u0639\u0627 \u0635\u0644\u0627\u0629 \u0627\u0644\u0638\u0647\u0631 <\/mark><\/h6>\n<h6 style=\"text-align: center;\"><mark class=\"bs-highlight bs-highlight-default\">\u0641\u064a \u0627\u0644\u0645\u062c\u0645\u0639 \u0627\u0644\u062d\u0633\u0646\u064a \u0628\u0645\u062f\u064a\u0646\u0629 \u0637\u0646\u062c\u0629 \u0645\u062b\u0648\u0627\u0647 \u0627\u0644\u0623\u062e\u064a\u0631 \u0641\u064a \u0645\u0642\u0628\u0631\u0629 \u0633\u064a\u062f\u064a \u0625\u062f\u0631\u064a\u0633 \u0637\u0646\u062c\u0629<\/mark><\/h6>\n<p style=\"text-align: left;\">Mes chers amis (es), un grand Fakir de Toulouse nous a quitt\u00e9 ce dimanche 24 juin 2018 pour rejoindre son seigneur \u00e0 l&#8217;\u00e2ge de 95 ans.<\/p>\n<p style=\"text-align: left;\">Si al-Hadj Ahmed El Hahaoui, p\u00e8re de notre fr\u00e8re Sidi Abdelaziz, a \u00e9t\u00e9 l&#8217;un des b\u00e2tisseurs de la zaouia m\u00e8re de Mostaganem.<\/p>\n<p style=\"text-align: left;\">Il \u00e9tait en d\u00e9placement au Maroc lorsqu&#8217;il a rejoint Son Seigneur dans un parfait apaisement et une grande tranquillit\u00e9.<\/p>\n<p style=\"text-align: left;\">Si al-Hadj Ahmed El Hahaoui laisse le souvenir d&#8217;un Fakir sinc\u00e8re, fid\u00e8le et d\u00e9vou\u00e9 pour nous avoir accompagn\u00e9 depuis de si longues ann\u00e9es jusqu&#8217;\u00e0 ce jour.<\/p>\n<p style=\"text-align: left;\">Les obs\u00e8ques de Si al-Hadj Ahmed El Hahaoui auront lieu lundi 25 juin 2018 \u00e0 Tanger (Maroc).<\/p>\n<p style=\"text-align: left;\">&#8220;A Dieu nous appartenons, \u00e0 Lui nous retournons&#8221;<\/p>\n<p><img decoding=\"async\" loading=\"lazy\" class=\"aligncenter wp-image-6908 size-full\" src=\"http:\/\/www.assoalawimaroc.com\/wp-content\/uploads\/2018\/06\/FB_IMG_1529880812574.jpg\" alt=\"\" width=\"710\" height=\"1024\" srcset=\"https:\/\/www.assoalawimaroc.com\/wp-content\/uploads\/2018\/06\/FB_IMG_1529880812574.jpg 710w, https:\/\/www.assoalawimaroc.com\/wp-content\/uploads\/2018\/06\/FB_IMG_1529880812574-208x300.jpg 208w\" sizes=\"(max-width: 710px) 100vw, 710px\" \/><\/p>\n<p><img decoding=\"async\" loading=\"lazy\" class=\"aligncenter wp-image-6916 size-full\" src=\"http:\/\/www.assoalawimaroc.com\/wp-content\/uploads\/2018\/06\/00005.jpg\" alt=\"\" width=\"679\" height=\"896\" srcset=\"https:\/\/www.assoalawimaroc.com\/wp-content\/uploads\/2018\/06\/00005.jpg 679w, https:\/\/www.assoalawimaroc.com\/wp-content\/uploads\/2018\/06\/00005-227x300.jpg 227w\" sizes=\"(max-width: 679px) 100vw, 679px\" \/><\/p>\n","protected":false},"excerpt":{"rendered":"<p>\u062a\u0634\u064a\u064a\u0639 \u062c\u0646\u0627\u0632\u0629 \u0627\u0644\u0645\u0631\u062d\u0648\u0645 \u062a\u0643\u0648\u0646 \u064a\u0648\u0645 \u0627\u0644\u0625\u062b\u0627\u0646\u064a\u0646 2018\/06\/25 \u0645\u0639\u0627 \u0635\u0644\u0627\u0629 \u0627\u0644\u0638\u0647\u0631 \u0641\u064a \u0627\u0644\u0645\u062c\u0645\u0639 \u0627\u0644\u062d\u0633\u0646\u064a \u0628\u0645\u062f\u064a\u0646\u0629 \u0637\u0646\u062c\u0629 \u0645\u062b\u0648\u0627\u0647 \u0627\u0644\u0623\u062e\u064a\u0631 \u0641\u064a \u0645\u0642\u0628\u0631\u0629 \u0633\u064a\u062f\u064a \u0625\u062f\u0631\u064a\u0633 \u0637\u0646\u062c\u0629 Mes chers amis (es), un grand Fakir de Toulouse nous a quitt\u00e9 ce dimanche 24 juin 2018 pour rejoindre son seigneur \u00e0 l&#8217;\u00e2ge de 95 ans. Si al-Hadj Ahmed El Hahaoui, p\u00e8re de [&hellip;]<\/p>\n","protected":false},"author":2,"featured_media":6915,"comment_status":"open","ping_status":"open","sticky":false,"template":"","format":"standard","meta":{"footnotes":""},"categories":[46],"tags":[],"views":448,"_links":{"self":[{"href":"https:\/\/www.assoalawimaroc.com\/index.php?rest_route=\/wp\/v2\/posts\/6907"}],"collection":[{"href":"https:\/\/www.assoalawimaroc.com\/index.php?rest_route=\/wp\/v2\/posts"}],"about":[{"href":"https:\/\/www.assoalawimaroc.com\/index.php?rest_route=\/wp\/v2\/types\/post"}],"author":[{"embeddable":true,"href":"https:\/\/www.assoalawimaroc.com\/index.php?rest_route=\/wp\/v2\/users\/2"}],"replies":[{"embeddable":true,"href":"https:\/\/www.assoalawimaroc.com\/index.php?rest_route=%2Fwp%2Fv2%2Fcomments&post=6907"}],"version-history":[{"count":11,"href":"https:\/\/www.assoalawimaroc.com\/index.php?rest_route=\/wp\/v2\/posts\/6907\/revisions"}],"predecessor-version":[{"id":6923,"href":"https:\/\/www.assoalawimaroc.com\/index.php?rest_route=\/wp\/v2\/posts\/6907\/revisions\/6923"}],"wp:featuredmedia":[{"embeddable":true,"href":"https:\/\/www.assoalawimaroc.com\/index.php?rest_route=\/wp\/v2\/media\/6915"}],"wp:attachment":[{"href":"https:\/\/www.assoalawimaroc.com\/index.php?rest_route=%2Fwp%2Fv2%2Fmedia&parent=6907"}],"wp:term":[{"taxonomy":"category","embeddable":true,"href":"https:\/\/www.assoalawimaroc.com\/index.php?rest_route=%2Fwp%2Fv2%2Fcategories&post=6907"},{"taxonomy":"post_tag","embeddable":true,"href":"https:\/\/www.assoalawimaroc.com\/index.php?rest_route=%2Fwp%2Fv2%2Ftags&post=6907"}],"curies":[{"name":"wp","href":"https:\/\/api.w.org\/{rel}","templated":true}]}}