{"id":6645,"date":"2018-05-16T12:49:48","date_gmt":"2018-05-16T09:49:48","guid":{"rendered":"http:\/\/www.assoalawimaroc.com\/?p=6645"},"modified":"2018-05-16T16:03:09","modified_gmt":"2018-05-16T13:03:09","slug":"%d8%a7%d9%84%d9%8a%d9%88%d9%85-%d8%8c-16-%d9%85%d8%a7%d9%8a%d9%88-2018-%d8%8c-%d9%8a%d8%ad%d9%8a%d9%8a-%d8%a7%d9%84%d8%b4%d9%8a%d8%ae-%d8%ae%d8%a7%d9%84%d8%af-%d8%a8%d9%8a%d9%86%d8%aa%d9%88%d9%86","status":"publish","type":"post","link":"https:\/\/www.assoalawimaroc.com\/?p=6645","title":{"rendered":"\u0627\u0644\u064a\u0648\u0645  16 \u0645\u0627\u064a\u0648 2018 \u064a\u062d\u064a\u064a \u0627\u0644\u0634\u064a\u062e \u062e\u0627\u0644\u062f \u0628\u0646\u062a\u0648\u0646\u0633\u060c \u0627\u0644\u0645\u0628\u0627\u062f\u0631 \u0628\u0627\u0644\u064a\u0648\u0645 \u0627\u0644\u062f\u0648\u0644\u064a \u0644\u0644\u0639\u064a\u0634 \u0645\u0639\u0627 \u0641\u064a \u0633\u0644\u0627\u0645"},"content":{"rendered":"<div id=\"meta\" class=\"style-scope ytd-watch\">\n<div id=\"meta-contents\" class=\"style-scope ytd-watch\">\n<div id=\"container\" class=\"style-scope ytd-video-secondary-info-renderer\">\n<div>\n<h1 class=\"title style-scope ytd-video-primary-info-renderer\" style=\"text-align: center;\"><strong><span style=\"color: #008000;\"><a href=\"http:\/\/www.assoalawimaroc.com\/wp-content\/uploads\/2018\/05\/32411170_2092354604339481_8156656839480573952_n.jpg\"><img decoding=\"async\" loading=\"lazy\" class=\"alignleft wp-image-6657\" src=\"http:\/\/www.assoalawimaroc.com\/wp-content\/uploads\/2018\/05\/32411170_2092354604339481_8156656839480573952_n.jpg\" alt=\"\" width=\"137\" height=\"164\" srcset=\"https:\/\/www.assoalawimaroc.com\/wp-content\/uploads\/2018\/05\/32411170_2092354604339481_8156656839480573952_n.jpg 575w, https:\/\/www.assoalawimaroc.com\/wp-content\/uploads\/2018\/05\/32411170_2092354604339481_8156656839480573952_n-250x300.jpg 250w, https:\/\/www.assoalawimaroc.com\/wp-content\/uploads\/2018\/05\/32411170_2092354604339481_8156656839480573952_n-180x217.jpg 180w, https:\/\/www.assoalawimaroc.com\/wp-content\/uploads\/2018\/05\/32411170_2092354604339481_8156656839480573952_n-267x322.jpg 267w\" sizes=\"(max-width: 137px) 100vw, 137px\" \/><\/a>Bonne f\u00eate du Vivre Ensemble en Paix<\/span><\/strong><\/h1>\n<\/div>\n<div id=\"content\" class=\"style-scope ytd-expander\" style=\"text-align: left;\">Aujourd&#8217;hui, le 16 mai 2018, Cheikh Khaled Bentounes, l&#8217;initiateur de la Journ\u00e9e Internationale du Vivre Ensemble en Paix, nous fait part de ses voeux \u00e0 l&#8217;occasion de la premi\u00e8re c\u00e9l\u00e9bration de cette journ\u00e9e<\/div>\n<div><img decoding=\"async\" loading=\"lazy\" class=\"aligncenter size-full wp-image-6651\" src=\"http:\/\/www.assoalawimaroc.com\/wp-content\/uploads\/2018\/05\/32745639_247104479170498_5501823887513485312_n.jpg\" alt=\"\" width=\"960\" height=\"555\" srcset=\"https:\/\/www.assoalawimaroc.com\/wp-content\/uploads\/2018\/05\/32745639_247104479170498_5501823887513485312_n.jpg 960w, https:\/\/www.assoalawimaroc.com\/wp-content\/uploads\/2018\/05\/32745639_247104479170498_5501823887513485312_n-300x173.jpg 300w, https:\/\/www.assoalawimaroc.com\/wp-content\/uploads\/2018\/05\/32745639_247104479170498_5501823887513485312_n-768x444.jpg 768w\" sizes=\"(max-width: 960px) 100vw, 960px\" \/><\/div>\n<\/div>\n<\/div>\n<\/div>\n<p><iframe loading=\"lazy\" width=\"1170\" height=\"658\" src=\"https:\/\/www.youtube.com\/embed\/gZzFIssMCLA?feature=oembed\" frameborder=\"0\" allow=\"autoplay; encrypted-media\" allowfullscreen><\/iframe><\/p>\n<p><img decoding=\"async\" loading=\"lazy\" class=\"aligncenter size-full wp-image-6653\" src=\"http:\/\/www.assoalawimaroc.com\/wp-content\/uploads\/2018\/05\/12193758_724027634395958_2598202328895196205_n.jpg\" alt=\"\" width=\"317\" height=\"542\" srcset=\"https:\/\/www.assoalawimaroc.com\/wp-content\/uploads\/2018\/05\/12193758_724027634395958_2598202328895196205_n.jpg 317w, https:\/\/www.assoalawimaroc.com\/wp-content\/uploads\/2018\/05\/12193758_724027634395958_2598202328895196205_n-175x300.jpg 175w\" sizes=\"(max-width: 317px) 100vw, 317px\" \/><\/p>\n","protected":false},"excerpt":{"rendered":"<p>Bonne f\u00eate du Vivre Ensemble en Paix Aujourd&#8217;hui, le 16 mai 2018, Cheikh Khaled Bentounes, l&#8217;initiateur de la Journ\u00e9e Internationale du Vivre Ensemble en Paix, nous fait part de ses voeux \u00e0 l&#8217;occasion de la premi\u00e8re c\u00e9l\u00e9bration de cette journ\u00e9e<\/p>\n","protected":false},"author":2,"featured_media":6651,"comment_status":"open","ping_status":"open","sticky":false,"template":"","format":"standard","meta":{"footnotes":""},"categories":[83],"tags":[],"views":531,"_links":{"self":[{"href":"https:\/\/www.assoalawimaroc.com\/index.php?rest_route=\/wp\/v2\/posts\/6645"}],"collection":[{"href":"https:\/\/www.assoalawimaroc.com\/index.php?rest_route=\/wp\/v2\/posts"}],"about":[{"href":"https:\/\/www.assoalawimaroc.com\/index.php?rest_route=\/wp\/v2\/types\/post"}],"author":[{"embeddable":true,"href":"https:\/\/www.assoalawimaroc.com\/index.php?rest_route=\/wp\/v2\/users\/2"}],"replies":[{"embeddable":true,"href":"https:\/\/www.assoalawimaroc.com\/index.php?rest_route=%2Fwp%2Fv2%2Fcomments&post=6645"}],"version-history":[{"count":9,"href":"https:\/\/www.assoalawimaroc.com\/index.php?rest_route=\/wp\/v2\/posts\/6645\/revisions"}],"predecessor-version":[{"id":6660,"href":"https:\/\/www.assoalawimaroc.com\/index.php?rest_route=\/wp\/v2\/posts\/6645\/revisions\/6660"}],"wp:featuredmedia":[{"embeddable":true,"href":"https:\/\/www.assoalawimaroc.com\/index.php?rest_route=\/wp\/v2\/media\/6651"}],"wp:attachment":[{"href":"https:\/\/www.assoalawimaroc.com\/index.php?rest_route=%2Fwp%2Fv2%2Fmedia&parent=6645"}],"wp:term":[{"taxonomy":"category","embeddable":true,"href":"https:\/\/www.assoalawimaroc.com\/index.php?rest_route=%2Fwp%2Fv2%2Fcategories&post=6645"},{"taxonomy":"post_tag","embeddable":true,"href":"https:\/\/www.assoalawimaroc.com\/index.php?rest_route=%2Fwp%2Fv2%2Ftags&post=6645"}],"curies":[{"name":"wp","href":"https:\/\/api.w.org\/{rel}","templated":true}]}}