{"id":6424,"date":"2018-04-16T12:45:10","date_gmt":"2018-04-16T09:45:10","guid":{"rendered":"http:\/\/www.assoalawimaroc.com\/?p=6424"},"modified":"2018-04-16T12:54:41","modified_gmt":"2018-04-16T09:54:41","slug":"cordoue-11-avril-2018","status":"publish","type":"post","link":"https:\/\/www.assoalawimaroc.com\/?p=6424","title":{"rendered":"Cordoue, 11 Avril 2018"},"content":{"rendered":"<p><a href=\"http:\/\/www.assoalawimaroc.com\/wp-content\/uploads\/2018\/04\/30723997_774337802764777_128856659626819584_n.jpg\"><img decoding=\"async\" loading=\"lazy\" class=\"aligncenter size-full wp-image-6427\" src=\"http:\/\/www.assoalawimaroc.com\/wp-content\/uploads\/2018\/04\/30723997_774337802764777_128856659626819584_n.jpg\" alt=\"\" width=\"640\" height=\"364\" srcset=\"https:\/\/www.assoalawimaroc.com\/wp-content\/uploads\/2018\/04\/30723997_774337802764777_128856659626819584_n.jpg 640w, https:\/\/www.assoalawimaroc.com\/wp-content\/uploads\/2018\/04\/30723997_774337802764777_128856659626819584_n-300x171.jpg 300w\" sizes=\"(max-width: 640px) 100vw, 640px\" \/><\/a><a href=\"http:\/\/www.assoalawimaroc.com\/wp-content\/uploads\/2018\/04\/30710946_774337886098102_418117170799575040_n.jpg\"><img decoding=\"async\" loading=\"lazy\" class=\"aligncenter size-full wp-image-6426\" src=\"http:\/\/www.assoalawimaroc.com\/wp-content\/uploads\/2018\/04\/30710946_774337886098102_418117170799575040_n.jpg\" alt=\"\" width=\"640\" height=\"360\" srcset=\"https:\/\/www.assoalawimaroc.com\/wp-content\/uploads\/2018\/04\/30710946_774337886098102_418117170799575040_n.jpg 640w, https:\/\/www.assoalawimaroc.com\/wp-content\/uploads\/2018\/04\/30710946_774337886098102_418117170799575040_n-300x169.jpg 300w\" sizes=\"(max-width: 640px) 100vw, 640px\" \/><\/a><a href=\"http:\/\/www.assoalawimaroc.com\/wp-content\/uploads\/2018\/04\/30706108_774337959431428_2421416168217640960_n.jpg\"><img decoding=\"async\" loading=\"lazy\" class=\"aligncenter size-full wp-image-6425\" src=\"http:\/\/www.assoalawimaroc.com\/wp-content\/uploads\/2018\/04\/30706108_774337959431428_2421416168217640960_n.jpg\" alt=\"\" width=\"640\" height=\"360\" srcset=\"https:\/\/www.assoalawimaroc.com\/wp-content\/uploads\/2018\/04\/30706108_774337959431428_2421416168217640960_n.jpg 640w, https:\/\/www.assoalawimaroc.com\/wp-content\/uploads\/2018\/04\/30706108_774337959431428_2421416168217640960_n-300x169.jpg 300w\" sizes=\"(max-width: 640px) 100vw, 640px\" \/><\/a><\/p>\n<p style=\"text-align: left;\">Mes chers amis (es), je viens de rentrer de Cordoue (Espagne) o\u00f9 a eu lieu une grande r\u00e9union fondatrice du premier Forum de Cordoue qui aura lieu le 16 mai 2019, afin de c\u00e9l\u00e9brer et de mettre en \u0153uvre la \u00ab Journ\u00e9e Internationale du Vivre Ensemble en Paix \u00bb (JIPEV), proclam\u00e9e par l\u2019Assembl\u00e9e G\u00e9n\u00e9rale de l\u2019ONU le 8 d\u00e9cembre 2017.<br \/>\nCe Forum aura pour objectif de ressusciter l&#8217;esprit de la p\u00e9riode andalouse caract\u00e9ris\u00e9e par &#8220;Le vivre ensemble&#8221; et dont la ville de Cordoue en a \u00e9t\u00e9 la marque de fabrique.<br \/>\nC&#8217;est donc cet esprit de Cordoue qu&#8217;il va falloir remettre au go\u00fbt du jour : Vivre ensemble, pacifiquement, en respectant et assumant nos diff\u00e9rences.<\/p>\n<p style=\"text-align: left;\">Ci-dessous le texte fondateur du Forum de Cordoue qui aura lieu chaque ann\u00e9e le 16 mai.<\/p>\n<p style=\"text-align: left;\">Aux Organisations invit\u00e9es au<br \/>\nPremier Forum de Cordoue (2019)<br \/>\nUne Introduction au<br \/>\nPREMIER FORUM DE CORDOUE<\/p>\n<p style=\"text-align: left;\">Une invitation \u00e0 Cordoue. Pour qui ? Pour quoi ?<br \/>\nLe \u00ab mal commun \u00bb et quasi universel de notre \u00e9poque est un grave manque de compr\u00e9hension et acceptation mutuelle \u00e0 tous les niveaux. Face aux disputes, aux diff\u00e9rences et injustices, notre monde a le plus grand besoin d\u2019un \u00ab id\u00e9al minimum commun \u00bb : un id\u00e9al qui permette de vivre ensemble : la convivance.<br \/>\nPour qui ?<\/p>\n<p style=\"text-align: left;\">Les destinataires de cette invitation ont pour d\u00e9nominateur commun de lutter tous, chacun \u00e0 sa mani\u00e8re et dans son propre domaine, pour un monde plus fraternel, un monde de plus grande convivance. Ce Forum est destin\u00e9 \u00e0 ceux, institutions et individus, particuli\u00e8rement les jeunes, qui estiment n\u00e9cessaire de cr\u00e9er non pas une organisation mais un r\u00e9seau et surtout un \u00ab Esprit de Cordoue \u00bb, une \u00ab f\u00e9d\u00e9ration des consciences \u00bb dans l\u2019acceptation de l\u2019autre et de ses diff\u00e9rences.<\/p>\n<p style=\"text-align: left;\">Pour quoi ?<\/p>\n<p style=\"text-align: left;\">Notre projet est de lancer dans cette ville historique un Rendez-vous annuel d\u2019organisations et personnalit\u00e9s internationales qui ont, entre autres, pour objectif de promouvoir un monde de \u00ab convivance \u00bb, qui est cette capacit\u00e9 que les \u00eatres humains et leurs communaut\u00e9s ont (ou devraient avoir) \u00e0 vivre ensemble, pacifiquement, en respectant et assumant leurs diff\u00e9rences.<\/p>\n<p style=\"text-align: left;\">La p\u00e9riode d\u2019al-Andalus a conf\u00e9r\u00e9, d\u2019abord en son temps mais aujourd\u2019hui encore, \u00e0 la ville de Cordoue la r\u00e9putation de mod\u00e8le pour le \u00ab vivre ensemble \u00bb. Comment contribuer \u00e0 promouvoir, se fondant \u00e0 la fois sur cette r\u00e9alit\u00e9 et son mythe, une r\u00e9alit\u00e9 contemporaine universelle : une \u00abutopie r\u00e9aliste \u00bb ?<br \/>\nComment donner un contenu universel \u00e0 ce beau mot de la \u00ab convivencia \u00bb (convivance en fran\u00e7ais et en anglais, ta cayush en arabe) ? Il va au-del\u00e0 des notions de tol\u00e9rance, de co-existence, de concorde, d\u2019entente, d\u2019acceptation ou de compr\u00e9hension. Il exprime parfaitement cet id\u00e9al et cet esprit auxquels le nom de Cordoue est associ\u00e9 et dont cette cit\u00e9 veut devenir le symbole mondial.<\/p>\n<p style=\"text-align: left;\">De qui?<\/p>\n<p style=\"text-align: left;\">Cette invitation vous est envoy\u00e9e par les participants \u00e0 la R\u00e9union Fondatrice du Forum de Cordoue qui s\u2019est tenue en cette ville les 10 et 11 avril 2018 (en annexe)<\/p>\n<p style=\"text-align: left;\">Un \u00e9v\u00e8nement destin\u00e9 \u00e0 \u00eatre annuel<\/p>\n<p style=\"text-align: left;\">Par sa r\u00e9p\u00e9tition annuelle cet \u00e9v\u00e8nement, le Forum de Cordoue, devrait devenir un lieu de dialogue interculturel incontournable, le rendez-vous privil\u00e9gi\u00e9 et r\u00e9gulier de ceux qui, par leurs actions diverses, servent cet id\u00e9al commun d\u2019une convivance plus universelle.<\/p>\n<p style=\"text-align: left;\">Les objectifs g\u00e9n\u00e9raux et p\u00e9rennes du Forum de Cordoue seraient les suivants :<\/p>\n<p style=\"text-align: left;\">-Identifier les obstacles que rencontre la promotion de la<br \/>\nconvivance<br \/>\n-D\u00e9crire les moyens utilis\u00e9s par les uns et les autres pour surmonter ces obstacles.<br \/>\n-\u00c9changer leurs exp\u00e9riences et s\u2019inspirer ainsi des succ\u00e8s des autres.<br \/>\n-Coordonner leurs efforts respectifs afin de contribuer concr\u00e8tement \u00e0 un monde de plus grande convivance.<\/p>\n<p style=\"text-align: left;\">Il se tient tous les 16 du mois de mai afin de c\u00e9l\u00e9brer et de mettre en \u0153uvre la \u00ab Journ\u00e9e Internationale du Vivre Ensemble en Paix \u00bb proclam\u00e9e par l\u2019Assembl\u00e9e G\u00e9n\u00e9rale de l\u2019ONU.<\/p>\n<p style=\"text-align: left;\">En r\u00e9sum\u00e9<\/p>\n<p style=\"text-align: left;\">Le but du Forum de Cordoue est de susciter un \u00abEsprit de Cordoue\u00bb plus largement r\u00e9pandu, en r\u00e9unissant de fa\u00e7on informelle des organisations qui sont d\u00e9j\u00e0 toutes engag\u00e9es dans le m\u00eame combat, r\u00e9unies volontairement sans statuts, dans un esprit de recherche permanente de consensus. Il n\u2019est pas d\u2019\u00eatre un forum interreligieux de plus, et ses pr\u00e9occupations vont bien au-del\u00e0 du religieux. Il ne vise pas non plus \u00e0 adopter des r\u00e9solutions formelles, ni \u00e0 r\u00e9soudre des crises ou des conflits en cours, mais cherche uniquement des exemples positifs de convivance.<\/p>\n<p style=\"text-align: left;\">Il est de cr\u00e9er une masse critique, qui se recharge annuellement et dynamise tout ce qui peut contribuer \u00e0 un monde moins d\u00e9chir\u00e9 et dont les communaut\u00e9s sauront mieux vivre ensemble malgr\u00e9 leurs diff\u00e9rences et dans le respect de celles-ci.<\/p>\n<p style=\"text-align: left;\">Cordoue, 11 Avril 2018<\/p>\n<p style=\"text-align: left;\">\n","protected":false},"excerpt":{"rendered":"<p>Mes chers amis (es), je viens de rentrer de Cordoue (Espagne) o\u00f9 a eu lieu une grande r\u00e9union fondatrice du premier Forum de Cordoue qui aura lieu le 16 mai 2019, afin de c\u00e9l\u00e9brer et de mettre en \u0153uvre la \u00ab Journ\u00e9e Internationale du Vivre Ensemble en Paix \u00bb (JIPEV), proclam\u00e9e par l\u2019Assembl\u00e9e G\u00e9n\u00e9rale de [&hellip;]<\/p>\n","protected":false},"author":2,"featured_media":6428,"comment_status":"open","ping_status":"open","sticky":false,"template":"","format":"standard","meta":{"footnotes":""},"categories":[7],"tags":[],"views":446,"_links":{"self":[{"href":"https:\/\/www.assoalawimaroc.com\/index.php?rest_route=\/wp\/v2\/posts\/6424"}],"collection":[{"href":"https:\/\/www.assoalawimaroc.com\/index.php?rest_route=\/wp\/v2\/posts"}],"about":[{"href":"https:\/\/www.assoalawimaroc.com\/index.php?rest_route=\/wp\/v2\/types\/post"}],"author":[{"embeddable":true,"href":"https:\/\/www.assoalawimaroc.com\/index.php?rest_route=\/wp\/v2\/users\/2"}],"replies":[{"embeddable":true,"href":"https:\/\/www.assoalawimaroc.com\/index.php?rest_route=%2Fwp%2Fv2%2Fcomments&post=6424"}],"version-history":[{"count":3,"href":"https:\/\/www.assoalawimaroc.com\/index.php?rest_route=\/wp\/v2\/posts\/6424\/revisions"}],"predecessor-version":[{"id":6431,"href":"https:\/\/www.assoalawimaroc.com\/index.php?rest_route=\/wp\/v2\/posts\/6424\/revisions\/6431"}],"wp:featuredmedia":[{"embeddable":true,"href":"https:\/\/www.assoalawimaroc.com\/index.php?rest_route=\/wp\/v2\/media\/6428"}],"wp:attachment":[{"href":"https:\/\/www.assoalawimaroc.com\/index.php?rest_route=%2Fwp%2Fv2%2Fmedia&parent=6424"}],"wp:term":[{"taxonomy":"category","embeddable":true,"href":"https:\/\/www.assoalawimaroc.com\/index.php?rest_route=%2Fwp%2Fv2%2Fcategories&post=6424"},{"taxonomy":"post_tag","embeddable":true,"href":"https:\/\/www.assoalawimaroc.com\/index.php?rest_route=%2Fwp%2Fv2%2Ftags&post=6424"}],"curies":[{"name":"wp","href":"https:\/\/api.w.org\/{rel}","templated":true}]}}