{"id":6401,"date":"2018-04-13T14:22:41","date_gmt":"2018-04-13T11:22:41","guid":{"rendered":"http:\/\/www.assoalawimaroc.com\/?p=6401"},"modified":"2018-04-13T18:53:10","modified_gmt":"2018-04-13T15:53:10","slug":"%d8%a8%d8%b1%d9%86%d8%a7%d9%85%d8%ac-%d8%aa%d9%84%d9%81%d8%b2%d9%8a-%d9%81%d9%8a-%d8%a7%d9%84%d9%82%d9%86%d8%a7%d8%a9-%d8%a7%d9%84%d8%ab%d8%a7%d9%86%d9%8a%d8%a9-%d9%85%d9%86-%d8%a7%d9%84%d8%aa%d9%84","status":"publish","type":"post","link":"https:\/\/www.assoalawimaroc.com\/?p=6401","title":{"rendered":"\u0628\u0631\u0646\u0627\u0645\u062c \u062a\u0644\u0641\u0632\u064a \u0641\u064a \u0627\u0644\u0642\u0646\u0627\u0629 \u0627\u0644\u062b\u0627\u0646\u064a\u0629 \u0645\u0646 \u0627\u0644\u062a\u0644\u0641\u0632\u0629 \u0627\u0644\u0627\u0633\u0628\u0627\u0646\u064a\u0629 25 \u0645\u0627\u0631\u0633 2018"},"content":{"rendered":"<p><a href=\"http:\/\/www.rtve.es\/alacarta\/videos\/medina-en-tve\/medina-tve-dia-mundial-convivencia-onu\/4537978\/\" target=\"_blank\" rel=\"noopener\">http:\/\/www.rtve.es\/alacarta\/videos\/medina-en-tve\/medina-tve-dia-mundial-convivencia-onu\/4537978<\/a><a href=\"http:\/\/www.rtve.es\/alacarta\/videos\/medina-en-tve\/medina-tve-dia-mundial-convivencia-onu\/4537978\/\" target=\"_blank\" rel=\"noopener\">\/<\/a><\/p>\n<p><img decoding=\"async\" loading=\"lazy\" class=\"aligncenter size-full wp-image-6415\" src=\"http:\/\/www.assoalawimaroc.com\/wp-content\/uploads\/2018\/04\/said.jpg\" alt=\"\" width=\"1000\" height=\"562\" srcset=\"https:\/\/www.assoalawimaroc.com\/wp-content\/uploads\/2018\/04\/said.jpg 1000w, https:\/\/www.assoalawimaroc.com\/wp-content\/uploads\/2018\/04\/said-300x169.jpg 300w, https:\/\/www.assoalawimaroc.com\/wp-content\/uploads\/2018\/04\/said-768x432.jpg 768w\" sizes=\"(max-width: 1000px) 100vw, 1000px\" \/><a href=\"http:\/\/www.assoalawimaroc.com\/wp-content\/uploads\/2018\/04\/12.jpg\"><img decoding=\"async\" loading=\"lazy\" class=\"aligncenter size-full wp-image-6404\" src=\"http:\/\/www.assoalawimaroc.com\/wp-content\/uploads\/2018\/04\/12.jpg\" alt=\"\" width=\"1000\" height=\"584\" srcset=\"https:\/\/www.assoalawimaroc.com\/wp-content\/uploads\/2018\/04\/12.jpg 1000w, https:\/\/www.assoalawimaroc.com\/wp-content\/uploads\/2018\/04\/12-300x175.jpg 300w, https:\/\/www.assoalawimaroc.com\/wp-content\/uploads\/2018\/04\/12-768x449.jpg 768w\" sizes=\"(max-width: 1000px) 100vw, 1000px\" \/><\/a><\/p>\n<p>\u0628\u0631\u0646\u0627\u0645\u062c \u062a\u0644\u0641\u0632\u064a \u0641\u064a \u0627\u0644\u0642\u0646\u0627\u0629 \u0627\u0644\u062b\u0627\u0646\u064a\u0629 \u0645\u0646 \u0627\u0644\u062a\u0644\u0641\u0632\u0629 \u0627\u0644\u0627\u0633\u0628\u0627\u0646\u064a\u0629 \u0644\u0625\u062c\u0631\u0627\u0621 \u062d\u0648\u0627\u0631 \u062e\u0627\u0635 \u062d\u0648\u0644 \u0627\u0644\u064a\u0648\u0645 \u0627\u0644\u0639\u0627\u0644\u0645\u064a \u0644\u0644\u062a\u0639\u0627\u064a\u0634 \u0641\u064a \u0633\u0644\u0627\u0645 \u0639\u0644\u0649 \u0627\u0644\u0633\u0627\u0639\u0629 \u0627\u0644\u062a\u0627\u0633\u0639\u0629 \u0648 24 \u062f\u0642\u064a\u0642\u0629 \u0627\u0644\u064a\u0648\u0645 25 \u0645\u0627\u0631\u0633 2018<\/p>\n<h4 style=\"text-align: center;\"><strong>Medina en TVE &#8211; D\u00eda Mundial de la Convivencia de la ONU 25 mars 2018<br \/>\n<\/strong><\/h4>\n<p style=\"text-align: center;\">Bajo petici\u00f3n de la Asociaci\u00f3n Internacional Sufi Alawiya, AISA ONG Internacional, la ONU declara el 16 de mayo D\u00eda Mundial de la Convivencia<\/p>\n<p><a href=\"http:\/\/www.rtve.es\/alacarta\/videos\/medina-en-tve\/medina-tve-dia-mundial-convivencia-onu\/4537978\" target=\"_blank\" rel=\"noopener\">http:\/\/www.rtve.es\/alacarta\/videos\/medina-en-tve\/medina-tve-dia-mundial-convivencia-onu\/4537978<\/a>\/<\/p>\n<div style=\"position: absolute; bottom: 0; left: 0; font-family: arial,helvetica,sans-serif; font-size: 12px; line-height: 1.833; display: inline-block; padding: 5px 0 5px 10px;\"><a style=\"color: #333; font-weight: bold;\" title=\"Un di\u00e1logo llamado paz\" href=\"http:\/\/www.rtve.es\/alacarta\/videos\/medina-en-tve\/medina-tve-dialogo-llamado-paz\/4556087\/\"><br \/>\n<\/a><\/div>\n<div style=\"width: 100%; padding-top: 64%; position: relative; border-bottom: 1px solid #aaa; display: inline-block; background: rgba(255,255,255,0.9);\">\n<p><iframe loading=\"lazy\" style=\"width: 100%; height: 90%; position: absolute; left: 0; top: 0; overflow: hidden;\" src=\"http:\/\/www.rtve.es\/drmn\/embed\/video\/4537978\" name=\"D\u00eda Mundial de la Convivencia de la ONU\" width=\"300\" height=\"150\" frameborder=\"0\" scrolling=\"no\" allowfullscreen=\"allowfullscreen\"><\/iframe><\/p>\n<div style=\"position: absolute; bottom: 0; left: 0; font-family: arial,helvetica,sans-serif; font-size: 12px; line-height: 1.833; display: inline-block; padding: 5px 0 5px 10px;\"><span style=\"float: left; margin-right: 10px;\"><br \/>\n<a href=\"http:\/\/www.rtve.es\/alacarta\/videos\/medina-en-tve\/medina-tve-dia-mundial-convivencia-onu\/4537978\/\"><img decoding=\"async\" loading=\"lazy\" class=\"alignnone\" style=\"height: 20px; width: auto; background: transparent; padding: 0; margin: 0;\" src=\"http:\/\/img.irtve.es\/css\/rtve.commons\/rtve.header.footer\/i\/logoRTVEes.png\" alt=\"\" width=\"162\" height=\"58\" \/><\/a><br \/>\n<\/span><br \/>\n<a style=\"color: #333; font-weight: bold;\" title=\"D\u00eda Mundial de la Convivencia de la ONU\" href=\"http:\/\/www.rtve.es\/alacarta\/videos\/medina-en-tve\/medina-tve-dia-mundial-convivencia-onu\/4537978\/\" target=\"_blank\" rel=\"noopener\"><br \/>\n<strong>D\u00eda Mundial de la Convivencia de la ONU<\/strong><br \/>\n<\/a><\/div>\n<\/div>\n","protected":false},"excerpt":{"rendered":"<p>http:\/\/www.rtve.es\/alacarta\/videos\/medina-en-tve\/medina-tve-dia-mundial-convivencia-onu\/4537978\/ \u0628\u0631\u0646\u0627\u0645\u062c \u062a\u0644\u0641\u0632\u064a \u0641\u064a \u0627\u0644\u0642\u0646\u0627\u0629 \u0627\u0644\u062b\u0627\u0646\u064a\u0629 \u0645\u0646 \u0627\u0644\u062a\u0644\u0641\u0632\u0629 \u0627\u0644\u0627\u0633\u0628\u0627\u0646\u064a\u0629 \u0644\u0625\u062c\u0631\u0627\u0621 \u062d\u0648\u0627\u0631 \u062e\u0627\u0635 \u062d\u0648\u0644 \u0627\u0644\u064a\u0648\u0645 \u0627\u0644\u0639\u0627\u0644\u0645\u064a \u0644\u0644\u062a\u0639\u0627\u064a\u0634 \u0641\u064a \u0633\u0644\u0627\u0645 \u0639\u0644\u0649 \u0627\u0644\u0633\u0627\u0639\u0629 \u0627\u0644\u062a\u0627\u0633\u0639\u0629 \u0648 24 \u062f\u0642\u064a\u0642\u0629 \u0627\u0644\u064a\u0648\u0645 25 \u0645\u0627\u0631\u0633 2018 Medina en TVE &#8211; D\u00eda Mundial de la Convivencia de la ONU 25 mars 2018 Bajo petici\u00f3n de la Asociaci\u00f3n Internacional Sufi Alawiya, AISA ONG Internacional, la [&hellip;]<\/p>\n","protected":false},"author":2,"featured_media":6414,"comment_status":"open","ping_status":"open","sticky":false,"template":"","format":"standard","meta":{"footnotes":""},"categories":[83],"tags":[],"views":547,"_links":{"self":[{"href":"https:\/\/www.assoalawimaroc.com\/index.php?rest_route=\/wp\/v2\/posts\/6401"}],"collection":[{"href":"https:\/\/www.assoalawimaroc.com\/index.php?rest_route=\/wp\/v2\/posts"}],"about":[{"href":"https:\/\/www.assoalawimaroc.com\/index.php?rest_route=\/wp\/v2\/types\/post"}],"author":[{"embeddable":true,"href":"https:\/\/www.assoalawimaroc.com\/index.php?rest_route=\/wp\/v2\/users\/2"}],"replies":[{"embeddable":true,"href":"https:\/\/www.assoalawimaroc.com\/index.php?rest_route=%2Fwp%2Fv2%2Fcomments&post=6401"}],"version-history":[{"count":12,"href":"https:\/\/www.assoalawimaroc.com\/index.php?rest_route=\/wp\/v2\/posts\/6401\/revisions"}],"predecessor-version":[{"id":6421,"href":"https:\/\/www.assoalawimaroc.com\/index.php?rest_route=\/wp\/v2\/posts\/6401\/revisions\/6421"}],"wp:featuredmedia":[{"embeddable":true,"href":"https:\/\/www.assoalawimaroc.com\/index.php?rest_route=\/wp\/v2\/media\/6414"}],"wp:attachment":[{"href":"https:\/\/www.assoalawimaroc.com\/index.php?rest_route=%2Fwp%2Fv2%2Fmedia&parent=6401"}],"wp:term":[{"taxonomy":"category","embeddable":true,"href":"https:\/\/www.assoalawimaroc.com\/index.php?rest_route=%2Fwp%2Fv2%2Fcategories&post=6401"},{"taxonomy":"post_tag","embeddable":true,"href":"https:\/\/www.assoalawimaroc.com\/index.php?rest_route=%2Fwp%2Fv2%2Ftags&post=6401"}],"curies":[{"name":"wp","href":"https:\/\/api.w.org\/{rel}","templated":true}]}}