{"id":6358,"date":"2018-04-20T10:00:29","date_gmt":"2018-04-20T07:00:29","guid":{"rendered":"http:\/\/www.assoalawimaroc.com\/?p=6358"},"modified":"2018-04-20T12:56:06","modified_gmt":"2018-04-20T09:56:06","slug":"les-lumieres-dal-andalus","status":"publish","type":"post","link":"https:\/\/www.assoalawimaroc.com\/?p=6358","title":{"rendered":"Les lumi\u00e8res d\u2019Al-Andalus"},"content":{"rendered":"<div id=\"tribe-events-content\" class=\"tribe-events-single vevent hentry\">\n<h2 class=\"tribe-events-single-event-title summary entry-title\" style=\"text-align: left;\">Les lumi\u00e8res d\u2019Al-Andalus<\/h2>\n<div class=\"tribe-events-schedule updated published tribe-clearfix\" style=\"text-align: left;\">\n<h5><span class=\"date-start dtstart\">Jeudi 19 avril 2018, UNIL Dorigny, 18h \u00e0 21h<\/span><span class=\"end-time dtend\"><br \/>\n<\/span><\/h5>\n<p><a href=\"http:\/\/www.assoalawimaroc.com\/wp-content\/uploads\/2018\/04\/Les-lumi\u00e8res-dAl-Andalus.jpg\"><img decoding=\"async\" loading=\"lazy\" class=\"aligncenter size-full wp-image-6359\" src=\"http:\/\/www.assoalawimaroc.com\/wp-content\/uploads\/2018\/04\/Les-lumi\u00e8res-dAl-Andalus.jpg\" alt=\"\" width=\"600\" height=\"400\" srcset=\"https:\/\/www.assoalawimaroc.com\/wp-content\/uploads\/2018\/04\/Les-lumi\u00e8res-dAl-Andalus.jpg 600w, https:\/\/www.assoalawimaroc.com\/wp-content\/uploads\/2018\/04\/Les-lumi\u00e8res-dAl-Andalus-300x200.jpg 300w, https:\/\/www.assoalawimaroc.com\/wp-content\/uploads\/2018\/04\/Les-lumi\u00e8res-dAl-Andalus-450x300.jpg 450w\" sizes=\"(max-width: 600px) 100vw, 600px\" \/><\/a><a href=\"http:\/\/www.assoalawimaroc.com\/wp-content\/uploads\/2018\/04\/1-1.jpg\"><img decoding=\"async\" loading=\"lazy\" class=\"aligncenter size-full wp-image-6471\" src=\"http:\/\/www.assoalawimaroc.com\/wp-content\/uploads\/2018\/04\/1-1.jpg\" alt=\"\" width=\"650\" height=\"761\" srcset=\"https:\/\/www.assoalawimaroc.com\/wp-content\/uploads\/2018\/04\/1-1.jpg 650w, https:\/\/www.assoalawimaroc.com\/wp-content\/uploads\/2018\/04\/1-1-256x300.jpg 256w\" sizes=\"(max-width: 650px) 100vw, 650px\" \/><\/a>Conf\u00e9rence \u00e0 l&#8217;universit\u00e9 de Lausanne ce soir avec<br \/>\n&#8211; Le pr. Maurice Ruben Hayoun \u00e0 propos de Ma\u00efmonide et de ses liens et inspirations avec les th\u00e9ologiens musu<span class=\"text_exposed_show\">lmans de l&#8217;\u00e9poque, surtout Avicenne et Averro\u00e8s ; et<br \/>\n&#8211; Le cheikh Khaled Bentoun\u00e8s \u00e0 propos de l&#8217;unicit\u00e9 de la famille humaine, et sur la journ\u00e9e internationale du vivre ensemble en paix qui aura lieu pour la premi\u00e8re fois le mercredi 16 mai prochain.<br \/>\nSoir\u00e9e nourrissante pour l&#8217;intellect comme pour le c\u0153ur\u00a0<\/span><\/p>\n<p><a href=\"http:\/\/www.assoalawimaroc.com\/wp-content\/uploads\/2018\/04\/2-1.jpg\"><img decoding=\"async\" loading=\"lazy\" class=\"aligncenter size-full wp-image-6472\" src=\"http:\/\/www.assoalawimaroc.com\/wp-content\/uploads\/2018\/04\/2-1.jpg\" alt=\"\" width=\"650\" height=\"539\" srcset=\"https:\/\/www.assoalawimaroc.com\/wp-content\/uploads\/2018\/04\/2-1.jpg 650w, https:\/\/www.assoalawimaroc.com\/wp-content\/uploads\/2018\/04\/2-1-300x249.jpg 300w\" sizes=\"(max-width: 650px) 100vw, 650px\" \/><\/a><\/p>\n<p><iframe loading=\"lazy\" width=\"1170\" height=\"878\" src=\"https:\/\/www.youtube.com\/embed\/jiR32plsh9I?feature=oembed\" frameborder=\"0\" allow=\"autoplay; encrypted-media\" allowfullscreen><\/iframe><\/p>\n<p><iframe loading=\"lazy\" width=\"1170\" height=\"878\" src=\"https:\/\/www.youtube.com\/embed\/ml984SAUgYs?feature=oembed\" frameborder=\"0\" allow=\"autoplay; encrypted-media\" allowfullscreen><\/iframe><\/p>\n<p><strong>Les lumi\u00e8res d\u2019Al-Andalus<\/strong><strong><br \/>\nJeudi 19 avril 2018, UNIL Dorigny, 18h \u00e0 21h<\/strong><\/p>\n<p><strong>Pour revisiter le contexte actuel du dialogue interreligieux.<\/strong><\/p>\n<p>Conf\u00e9rences :<\/p>\n<p><strong>Maurice Ruben Hayoun<\/strong>, philosophe et historien<br \/>\n<em>Les lumi\u00e8res de Cordoue ou la participation des savants musulmans et juifs \u00e0 la civilisation europ\u00e9enne<\/em><\/p>\n<p><strong>Jean-Claude Basset<\/strong>, islamologue<br \/>\n<em>Etat du dialogue interreligieux en Suisse romande<\/em><\/p>\n<p><strong>Cheikh Khaled Bentounes<\/strong>, leader spirituel de la Voie soufie Al\u00e2wiyya<br \/>\n<em>Journ\u00e9e Internationale du Vivre Ensemble en Paix<\/em><\/p>\n<p>Salle 2024 de l\u2019Anthropole, entr\u00e9e libre.<\/p>\n<p>pour toute information :<\/p>\n<p><a href=\"mailto:info@aisa-suisse.ch\">info@aisa-suisse.ch<\/a><br \/>\n<a href=\"http:\/\/url.99953.ch.snd63.ch\/url-625746165-4219138-04042018.html\">www.aisa-suisse.ch<\/a><\/p>\n<p>&nbsp;<\/p>\n<\/div>\n<\/div>\n<p><a href=\"http:\/\/aisa-ong.org\/evenement\/les-lumieres-dal-andalus\/\" target=\"_blank\" rel=\"noopener\">http:\/\/aisa-ong.org\/evenement\/les-lumieres-dal-andalus\/<\/a><\/p>\n","protected":false},"excerpt":{"rendered":"<p>Les lumi\u00e8res d\u2019Al-Andalus Jeudi 19 avril 2018, UNIL Dorigny, 18h \u00e0 21h Conf\u00e9rence \u00e0 l&#8217;universit\u00e9 de Lausanne ce soir avec &#8211; Le pr. Maurice Ruben Hayoun \u00e0 propos de Ma\u00efmonide et de ses liens et inspirations avec les th\u00e9ologiens musulmans de l&#8217;\u00e9poque, surtout Avicenne et Averro\u00e8s ; et &#8211; Le cheikh Khaled Bentoun\u00e8s \u00e0 propos [&hellip;]<\/p>\n","protected":false},"author":2,"featured_media":6359,"comment_status":"open","ping_status":"open","sticky":false,"template":"","format":"standard","meta":{"footnotes":""},"categories":[7],"tags":[],"views":508,"_links":{"self":[{"href":"https:\/\/www.assoalawimaroc.com\/index.php?rest_route=\/wp\/v2\/posts\/6358"}],"collection":[{"href":"https:\/\/www.assoalawimaroc.com\/index.php?rest_route=\/wp\/v2\/posts"}],"about":[{"href":"https:\/\/www.assoalawimaroc.com\/index.php?rest_route=\/wp\/v2\/types\/post"}],"author":[{"embeddable":true,"href":"https:\/\/www.assoalawimaroc.com\/index.php?rest_route=\/wp\/v2\/users\/2"}],"replies":[{"embeddable":true,"href":"https:\/\/www.assoalawimaroc.com\/index.php?rest_route=%2Fwp%2Fv2%2Fcomments&post=6358"}],"version-history":[{"count":6,"href":"https:\/\/www.assoalawimaroc.com\/index.php?rest_route=\/wp\/v2\/posts\/6358\/revisions"}],"predecessor-version":[{"id":6475,"href":"https:\/\/www.assoalawimaroc.com\/index.php?rest_route=\/wp\/v2\/posts\/6358\/revisions\/6475"}],"wp:featuredmedia":[{"embeddable":true,"href":"https:\/\/www.assoalawimaroc.com\/index.php?rest_route=\/wp\/v2\/media\/6359"}],"wp:attachment":[{"href":"https:\/\/www.assoalawimaroc.com\/index.php?rest_route=%2Fwp%2Fv2%2Fmedia&parent=6358"}],"wp:term":[{"taxonomy":"category","embeddable":true,"href":"https:\/\/www.assoalawimaroc.com\/index.php?rest_route=%2Fwp%2Fv2%2Fcategories&post=6358"},{"taxonomy":"post_tag","embeddable":true,"href":"https:\/\/www.assoalawimaroc.com\/index.php?rest_route=%2Fwp%2Fv2%2Ftags&post=6358"}],"curies":[{"name":"wp","href":"https:\/\/api.w.org\/{rel}","templated":true}]}}