{"id":5601,"date":"2018-01-31T20:22:07","date_gmt":"2018-01-31T17:22:07","guid":{"rendered":"http:\/\/www.assoalawimaroc.com\/?p=5601"},"modified":"2018-02-19T21:45:05","modified_gmt":"2018-02-19T18:45:05","slug":"le-cheikh-khaled-bentounes-est-le-guide-spirituel-de-la-tariqa-alawiyya","status":"publish","type":"post","link":"https:\/\/www.assoalawimaroc.com\/?p=5601","title":{"rendered":"Le cheikh Khaled Bentounes est le Guide spirituel de la Tariqa Al\u00e2wiyya"},"content":{"rendered":"<p style=\"text-align: left;\"><a href=\"http:\/\/www.assoalawimaroc.com\/wp-content\/uploads\/2015\/11\/Sans-titre-1.jpg\"><img decoding=\"async\" loading=\"lazy\" class=\"alignleft wp-image-5599 \" src=\"http:\/\/www.assoalawimaroc.com\/wp-content\/uploads\/2015\/11\/Sans-titre-1-208x300.jpg\" alt=\"\" width=\"113\" height=\"163\" srcset=\"https:\/\/www.assoalawimaroc.com\/wp-content\/uploads\/2015\/11\/Sans-titre-1-208x300.jpg 208w, https:\/\/www.assoalawimaroc.com\/wp-content\/uploads\/2015\/11\/Sans-titre-1.jpg 394w\" sizes=\"(max-width: 113px) 100vw, 113px\" \/><\/a>Cheikh Khaled Bentounes Le cheikh Khaled Bentounes est le Guide spirituel de la Tariqa \u2018Al\u00e2wiyya. Il est Pr\u00e9sident-Fondateur de plusieurs associations bas\u00e9es en Europe et au Maghreb, parmi lesquelles : l\u2019Association Internationale Soufie \u2018Al\u00e2wiyya (AISA) ; les Scouts Musulmans de France (SMF) ; l\u2019Association Cheikh al-Al\u00e2w\u00ee pour l\u2019Education et la Culture Soufie ; l\u2019Association Cheikh al-Al\u00e2w\u00ee pour la Renaissance du Patrimoine Soufi ; le Centre M\u00e9diterran\u00e9en du D\u00e9veloppement Durable (Djanatu al-Arif) ; Th\u00e9rapie de l\u2019\u00c2me ; Les Amis de l\u2019Islam, Terres d\u2019Europe<\/p>\n<p><iframe class=\"wp-embedded-content\" sandbox=\"allow-scripts\" security=\"restricted\" src=\"\/\/v.calameo.com\/?bkcode=0007035745a669dceb7a7#?secret=b7aWU0W3hi\" data-secret=\"b7aWU0W3hi\" width=\"1415\" height=\"1000\" frameborder=\"0\" scrolling=\"no\"><\/iframe><\/p>\n","protected":false},"excerpt":{"rendered":"<p>Cheikh Khaled Bentounes Le cheikh Khaled Bentounes est le Guide spirituel de la Tariqa \u2018Al\u00e2wiyya. Il est Pr\u00e9sident-Fondateur de plusieurs associations bas\u00e9es en Europe et au Maghreb, parmi lesquelles : l\u2019Association Internationale Soufie \u2018Al\u00e2wiyya (AISA) ; les Scouts Musulmans de France (SMF) ; l\u2019Association Cheikh al-Al\u00e2w\u00ee pour l\u2019Education et la Culture Soufie ; l\u2019Association Cheikh [&hellip;]<\/p>\n","protected":false},"author":2,"featured_media":5603,"comment_status":"open","ping_status":"open","sticky":false,"template":"","format":"standard","meta":{"footnotes":""},"categories":[7],"tags":[],"views":476,"_links":{"self":[{"href":"https:\/\/www.assoalawimaroc.com\/index.php?rest_route=\/wp\/v2\/posts\/5601"}],"collection":[{"href":"https:\/\/www.assoalawimaroc.com\/index.php?rest_route=\/wp\/v2\/posts"}],"about":[{"href":"https:\/\/www.assoalawimaroc.com\/index.php?rest_route=\/wp\/v2\/types\/post"}],"author":[{"embeddable":true,"href":"https:\/\/www.assoalawimaroc.com\/index.php?rest_route=\/wp\/v2\/users\/2"}],"replies":[{"embeddable":true,"href":"https:\/\/www.assoalawimaroc.com\/index.php?rest_route=%2Fwp%2Fv2%2Fcomments&post=5601"}],"version-history":[{"count":1,"href":"https:\/\/www.assoalawimaroc.com\/index.php?rest_route=\/wp\/v2\/posts\/5601\/revisions"}],"predecessor-version":[{"id":5602,"href":"https:\/\/www.assoalawimaroc.com\/index.php?rest_route=\/wp\/v2\/posts\/5601\/revisions\/5602"}],"wp:featuredmedia":[{"embeddable":true,"href":"https:\/\/www.assoalawimaroc.com\/index.php?rest_route=\/wp\/v2\/media\/5603"}],"wp:attachment":[{"href":"https:\/\/www.assoalawimaroc.com\/index.php?rest_route=%2Fwp%2Fv2%2Fmedia&parent=5601"}],"wp:term":[{"taxonomy":"category","embeddable":true,"href":"https:\/\/www.assoalawimaroc.com\/index.php?rest_route=%2Fwp%2Fv2%2Fcategories&post=5601"},{"taxonomy":"post_tag","embeddable":true,"href":"https:\/\/www.assoalawimaroc.com\/index.php?rest_route=%2Fwp%2Fv2%2Ftags&post=5601"}],"curies":[{"name":"wp","href":"https:\/\/api.w.org\/{rel}","templated":true}]}}