{"id":5575,"date":"2018-01-29T12:03:59","date_gmt":"2018-01-29T09:03:59","guid":{"rendered":"http:\/\/www.assoalawimaroc.com\/?p=5575"},"modified":"2018-01-29T15:40:47","modified_gmt":"2018-01-29T12:40:47","slug":"conference-debat-a-la-grande-mosquee-de-trappes-france-vendredi-26-janvier-2018","status":"publish","type":"post","link":"https:\/\/www.assoalawimaroc.com\/?p=5575","title":{"rendered":"Conf\u00e9rence d\u00e9bat \u00e0 la grande mosqu\u00e9e de Trappes, France,  vendredi 26 janvier 2018"},"content":{"rendered":"<p><mark class=\"bs-highlight bs-highlight-default\">\u0628\u062b \u0645\u0640\u0640\u0640\u0640\u0628\u0640\u0640\u0640\u0640\u0640\u0627\u0634\u0631<\/mark><\/p>\n<div id=\"fb-root\"><\/div>\n<p><script>(function(d, s, id) {  var js, fjs = d.getElementsByTagName(s)[0];  if (d.getElementById(id)) return;  js = d.createElement(s); js.id = id;  js.src = 'https:\/\/connect.facebook.net\/fr_FR\/sdk.js#xfbml=1&version=v2.11';  fjs.parentNode.insertBefore(js, fjs);}(document, 'script', 'facebook-jssdk'));<\/script><\/p>\n<div class=\"fb-video\" data-href=\"https:\/\/www.facebook.com\/rany.rouabah\/videos\/1527979720573286\/\" data-width=\"1170\">\n<blockquote cite=\"https:\/\/www.facebook.com\/rany.rouabah\/videos\/1527979720573286\/\" class=\"fb-xfbml-parse-ignore\"><p><a href=\"https:\/\/www.facebook.com\/rany.rouabah\/videos\/1527979720573286\/\"><\/a><\/p>\n<p>Conf\u00e9rence d\u00e9bat , avec le cheikh Bentounes, \u00e0 la grande mosqu\u00e9e de Mantes- la-Jolie, France, vendredi 26 janvier  2018<\/p>\n<p>Publi\u00e9 par <a href=\"https:\/\/www.facebook.com\/rany.rouabah\">Rany Rouabah<\/a> sur vendredi 26 Janvier 2018<\/p><\/blockquote>\n<\/div>\n<p>&nbsp;<\/p>\n<p><iframe loading=\"lazy\" width=\"1170\" height=\"878\" src=\"https:\/\/www.youtube.com\/embed\/yt0VZOFRxLk?feature=oembed\" frameborder=\"0\" allow=\"autoplay; encrypted-media\" allowfullscreen><\/iframe><\/p>\n","protected":false},"excerpt":{"rendered":"<p>\u0628\u062b \u0645\u0640\u0640\u0640\u0640\u0628\u0640\u0640\u0640\u0640\u0640\u0627\u0634\u0631 Conf\u00e9rence d\u00e9bat , avec le cheikh Bentounes, \u00e0 la grande mosqu\u00e9e de Mantes- la-Jolie, France, vendredi 26 janvier 2018 Publi\u00e9 par Rany Rouabah sur vendredi 26 Janvier 2018 &nbsp;<\/p>\n","protected":false},"author":2,"featured_media":5577,"comment_status":"open","ping_status":"open","sticky":false,"template":"","format":"video","meta":{"footnotes":""},"categories":[7],"tags":[],"views":497,"_links":{"self":[{"href":"https:\/\/www.assoalawimaroc.com\/index.php?rest_route=\/wp\/v2\/posts\/5575"}],"collection":[{"href":"https:\/\/www.assoalawimaroc.com\/index.php?rest_route=\/wp\/v2\/posts"}],"about":[{"href":"https:\/\/www.assoalawimaroc.com\/index.php?rest_route=\/wp\/v2\/types\/post"}],"author":[{"embeddable":true,"href":"https:\/\/www.assoalawimaroc.com\/index.php?rest_route=\/wp\/v2\/users\/2"}],"replies":[{"embeddable":true,"href":"https:\/\/www.assoalawimaroc.com\/index.php?rest_route=%2Fwp%2Fv2%2Fcomments&post=5575"}],"version-history":[{"count":6,"href":"https:\/\/www.assoalawimaroc.com\/index.php?rest_route=\/wp\/v2\/posts\/5575\/revisions"}],"predecessor-version":[{"id":5583,"href":"https:\/\/www.assoalawimaroc.com\/index.php?rest_route=\/wp\/v2\/posts\/5575\/revisions\/5583"}],"wp:featuredmedia":[{"embeddable":true,"href":"https:\/\/www.assoalawimaroc.com\/index.php?rest_route=\/wp\/v2\/media\/5577"}],"wp:attachment":[{"href":"https:\/\/www.assoalawimaroc.com\/index.php?rest_route=%2Fwp%2Fv2%2Fmedia&parent=5575"}],"wp:term":[{"taxonomy":"category","embeddable":true,"href":"https:\/\/www.assoalawimaroc.com\/index.php?rest_route=%2Fwp%2Fv2%2Fcategories&post=5575"},{"taxonomy":"post_tag","embeddable":true,"href":"https:\/\/www.assoalawimaroc.com\/index.php?rest_route=%2Fwp%2Fv2%2Ftags&post=5575"}],"curies":[{"name":"wp","href":"https:\/\/api.w.org\/{rel}","templated":true}]}}