{"id":13767,"date":"2020-03-23T12:24:21","date_gmt":"2020-03-23T09:24:21","guid":{"rendered":"http:\/\/www.assoalawimaroc.com\/?p=13767"},"modified":"2021-04-03T15:20:47","modified_gmt":"2021-04-03T12:20:47","slug":"13767","status":"publish","type":"post","link":"https:\/\/www.assoalawimaroc.com\/?p=13767","title":{"rendered":"Le Livre oc\u00e9an : Abd el-Kader et le Coran  Samedi 27 mars 2021 &#8211; 18h45 (Europe)"},"content":{"rendered":"<p><img decoding=\"async\" loading=\"lazy\" class=\"size-large wp-image-13768 aligncenter\" src=\"http:\/\/www.assoalawimaroc.com\/wp-content\/uploads\/2021\/03\/unnamed-1-1024x576.jpg\" alt=\"\" width=\"1024\" height=\"576\" srcset=\"https:\/\/www.assoalawimaroc.com\/wp-content\/uploads\/2021\/03\/unnamed-1-1024x576.jpg 1024w, https:\/\/www.assoalawimaroc.com\/wp-content\/uploads\/2021\/03\/unnamed-1-300x169.jpg 300w, https:\/\/www.assoalawimaroc.com\/wp-content\/uploads\/2021\/03\/unnamed-1-768x432.jpg 768w, https:\/\/www.assoalawimaroc.com\/wp-content\/uploads\/2021\/03\/unnamed-1.jpg 1280w\" sizes=\"(max-width: 1024px) 100vw, 1024px\" \/><\/p>\n<h4 style=\"text-align: center;\"><span style=\"color: #000080;\"><strong>Le Livre oc\u00e9an : Abd el-Kader et le Coran<\/strong><\/span><\/h4>\n<h4 style=\"text-align: center;\"><span style=\"color: #000080;\"><strong>Samedi 27 mars 2021\u00a0&#8211; 18h45\u00a0<\/strong>(Europe)<\/span><\/h4>\n<p style=\"text-align: left;\">Lien pour vous inscrire\u00a0:\u00a0<a href=\"https:\/\/webjamaa.us8.list-manage.com\/track\/click?u=762c9e1a33b17ec412a6083f8&amp;id=409bfa4873&amp;e=9db37cdd6f\">Inscription<\/a><\/p>\n<p style=\"text-align: left;\">Retrouvez plus d&#8217;informations sur\u00a0<a href=\"https:\/\/webjamaa.us8.list-manage.com\/track\/click?u=762c9e1a33b17ec412a6083f8&amp;id=633ae9883a&amp;e=9db37cdd6f\">webjamaa.net<\/a><br \/>\nEn direct\u00a0sur la\u00a0<a href=\"https:\/\/webjamaa.us8.list-manage.com\/track\/click?u=762c9e1a33b17ec412a6083f8&amp;id=c83a5ea916&amp;e=9db37cdd6f\">chaine Youtube webjamaa<\/a>\u00a0et sur\u00a0<a href=\"https:\/\/webjamaa.us8.list-manage.com\/track\/click?u=762c9e1a33b17ec412a6083f8&amp;id=c5859b47e9&amp;e=9db37cdd6f\">Facebook<\/a><\/p>\n<p><strong>\u0625\u062e\u0648\u0627\u0646\u0646\u0627 \u0648\u0623\u062e\u0648\u0627\u062a\u0646\u0627 \u0627\u0644\u0623\u0639\u0632\u0627\u0621\u060c\u00a0\u0623\u0635\u062f\u0642\u0627\u0621\u0646\u0627 \u0627\u0644\u0623\u0639\u0632\u0627\u0621<\/strong><\/p>\n<p>\u062d\u064a\u0646\u0645\u0627 \u064a\u0642\u062f\u0651\u0645 \u0627\u0644\u0642\u0631\u0622\u0646 \u0646\u0641\u0633\u064e\u0647 \u0639\u0644\u0649 \u0623\u0646\u0647 \u0643\u0644\u0627\u0645 \u0627\u0644\u0644\u0647\u060c \u0648\u064a\u0643\u0648\u0646 \u0645\u062d\u064a\u0637\u0647 \u063a\u064a\u0631 \u0643\u0627\u0641\u064a\u0627\u064b \u0644\u0625\u064a\u0642\u0627\u0641 \u062a\u062f\u0641\u0642 \u0625\u0644\u0627\u0647\u064a \u0644\u0627 \u0646\u0647\u0627\u064a\u0629 \u0644\u0647 \u0645\u0646 \u0627\u0644\u0645\u062f\u062f\u060c \u0641\u0645\u0646 \u062e\u0644\u0627\u0644 \u0639\u0644\u0627\u0642\u0629 \u0627\u0644\u0623\u0645\u064a\u0631 \u0639\u0628\u062f \u0627\u0644\u0642\u0627\u062f\u0631 \u0628\u0627\u0644\u0642\u0631\u0622\u0646\u060c \u0633\u0646\u0646\u0627\u0642\u0634 \u0645\u0639 \u0636\u064a\u0648\u0641\u0646\u0627\u00a0<strong>\u062f\u0646\u064a\u0633 \u062c\u0631\u064a\u0644 \u0648\u0625\u062f\u0631\u064a\u0633 \u062f\u064a \u0641\u0648\u0635<\/strong>\u00a0:\u00a0<strong>&#8220;\u062f\u0648\u0631 \u0627\u0644\u0642\u0631\u0622\u0646 \u0643\u0645\u0631\u0622\u0629 \u0644\u0644\u062e\u0644\u0642&#8221;.<\/strong><\/p>\n<p><strong>\u062f\u0646\u064a\u0633 \u062c\u0631\u064a\u0644<\/strong>: \u0623\u0633\u062a\u0627\u0630 \u062e\u0628\u064a\u0631\u0628\u062c\u0627\u0645\u0639\u0629 \u0625\u064a\u0643\u0633- \u0645\u0631\u0633\u064a\u0644\u064a\u0627. \u0645\u062a\u062e\u0635\u0635 \u0641\u064a \u0627\u0644\u062a\u0635\u0648\u0641 \u0648\u0623\u0635\u0648\u0644 \u0627\u0644\u0643\u062a\u0627\u0628 \u0627\u0644\u0645\u0642\u062f\u0633\u060c \u062d\u064a\u062b \u062a\u062a\u0645\u062d\u0648\u0631 \u0623\u0628\u062d\u0627\u062b\u0647 \u062d\u0648\u0644 \u0623\u0639\u0645\u0627\u0644 \u0627\u0628\u0646 \u0627\u0644\u0639\u0631\u0628\u064a \u0648\u0623\u062a\u0628\u0627\u0639\u0647 \u0648\u0645\u0646\u0647\u0645 \u0627\u0644\u0623\u0645\u064a\u0631 \u0639\u0628\u062f \u0627\u0644\u0642\u0627\u062f\u0631.<\/p>\n<p><strong>\u0625\u062f\u0631\u064a\u0633 \u062f\u064a \u0641\u0648\u0635<\/strong>\u00a0:\u00a0\u0645\u0624\u0644\u0641 \u0646\u062d\u0648 \u062b\u0644\u0627\u062b\u064a\u0646 \u0643\u062a\u0627\u0628\u064b\u0627 \u0648\u0645\u062a\u0631\u062c\u0645\u064b \u0648 \u0645\u062d\u0627\u0636\u0631 \u0645\u062a\u062e\u0635\u0635\u064b \u0641\u064a \u0627\u0644\u062a\u0635\u0648\u0641.<\/p>\n<p><strong>\u0645\u0648\u0639\u062f\u0646\u0627 : \u0627\u0644\u0633\u0628\u062a 27 \u0645\u0627\u0631\u0633 \u0641\u064a<\/strong>\u00a0<strong>\u062a\u0645\u0627\u0645 \u0627\u0644\u0633\u0627\u0639\u0629 6:45 \u0645\u0633\u0627\u0621\u064b (\u0628\u062a\u0648\u0642\u064a\u062a \u0628\u0627\u0631\u064a\u0633).<\/strong><\/p>\n<p><strong>\u062a\u0642\u0628\u0644\u0648\u0627 \u062a\u062d\u064a\u0627\u062a\u0646\u0627 \u0627 \u0644\u0623\u062e\u0648\u064a\u0629<\/strong><\/p>\n<p style=\"text-align: left;\">Ch\u00e8res s\u0153urs,\u00a0Chers fr\u00e8res,\u00a0Cher(e)s ami(e)s<\/p>\n<p style=\"text-align: left;\">Le Coran se pr\u00e9sente lui-m\u00eame comme la Parole de Dieu dont une infinit\u00e9 d\u2019oc\u00e9an d\u2019encre ne suffirait pas \u00e0 tarir le flux. A travers le rapport qu\u2019a eu Abd el-Kader avec le Coran, nous aborderons avec nos deux invit\u00e9s, Denis Gril et Idr\u00ees de Vos, la fonction du Coran comme miroir de la Cr\u00e9ation.<\/p>\n<p style=\"text-align: left;\"><strong>Denis Gril\u00a0:<\/strong>\u00a0Professeur \u00e9m\u00e9rite, de l\u2019universit\u00e9 d\u2019Aix-Marseille. Sp\u00e9cialiste du Soufisme et des fondement scripturaires, ses recherches sont ax\u00e9es sur l&#8217;\u0153uvre d&#8217;Ibn \u2018Arabi et de ses continuateurs parmi lesquels figure l&#8217;\u00e9mir Abd el-Kader.<\/p>\n<p style=\"text-align: left;\"><strong>Idr\u00ees de Vos\u00a0:<\/strong>\u00a0Auteur d\u2019une trentaine d\u2019ouvrages, traducteur et conf\u00e9rencier sp\u00e9cialis\u00e9 dans le soufisme.<\/p>\n<p style=\"text-align: left;\">Salutations fraternelles<\/p>\n<p style=\"text-align: left;\">Dear brothers friends,<\/p>\n<p style=\"text-align: left;\">The Qur&#8217;an presents itself as the Word of God. No ocean of ink, infinite as it may be, can exhaust its flow. Through the relationship that Abd el-Kader had with the Qur\u2019an, we will discuss with our two guests, Denis Gril and Idr\u00ees de Vos, the function of the Qur\u2019an as a mirror of Creation.<\/p>\n<p style=\"text-align: left;\"><strong>Denis Gril<\/strong>\u00a0is a Professor Emeritus at the University of Aix-Marseille. He is a specialist in Sufism and scriptural foundations. His research focuses on the work of Ibn \u2018Arab\u00ee and his followers, including Emir Abd el-Kader.<\/p>\n<p style=\"text-align: left;\"><strong>Idr\u00ees de Vos<\/strong>\u00a0is an author of approximately thirty books. He is also a translator and public speaker specializing in Sufism.<\/p>\n<p style=\"text-align: left;\">See you Saturday 27 March 2021 at 6:45 p.m. on Zoom<\/p>\n<p style=\"text-align: left;\">Sincerely yours<\/p>\n<p style=\"text-align: left;\">Queridos hermanos y hermanas, querido\/as amigo\/as,<\/p>\n<p style=\"text-align: left;\">El Cor\u00e1n se presenta como la Palabra de Dios, cuyo flujo no podr\u00eda ser agotado por un n\u00famero infinito de oc\u00e9anos de tinta. A trav\u00e9s de la relaci\u00f3n que tuvo Abd el-Kader con el Cor\u00e1n, abordaremos con nuestros dos invitados, Denis Gril e Idr\u00ees de Vos, la funci\u00f3n del Cor\u00e1n como espejo de la Creaci\u00f3n.<\/p>\n<p style=\"text-align: left;\"><strong>Denis Gril\u00a0<\/strong>: Profesor em\u00e9rito de la Universidad de Aix-Marsella. Especialista en sufismo y fundamentos escriturales, sus investigaciones se centran en la obra de Ibn &#8216;Arabi y sus seguidores, entre ellos el emir Abd el-Kader.<br \/>\n<strong>Idr\u00ees de Vos\u00a0<\/strong>: es autor de una treintena de libros, traductor y conferenciante especializado en el sufismo.<\/p>\n<p style=\"text-align: left;\">Cita: \u00a0S\u00e1bado, 27 de marzo de 2021 a las 18:45h (Gmt+1) en la plataforma: Zoom.<br \/>\nReciba nuestros saludos fraternales<\/p>\n<p style=\"text-align: left;\">Liebe Schwestern und Br\u00fcder, liebe Freunde,<\/p>\n<p style=\"text-align: left;\">Der Koran pr\u00e4sentiert sich als das Wort Gottes, dessen Fluss ein unendlicher Ozean von Tinte zu versiegen kann. Durch die Beziehung, die Abd el-Kader zum Koran hatte, werden wir mit unseren beiden G\u00e4sten Denis Gril und Idr\u00ees de Vos die Funktion des Korans als Spiegel der Sch\u00f6pfung diskutieren.<\/p>\n<p style=\"text-align: left;\"><strong>Denis Gril<\/strong>: emeritierter Professor an der Universit\u00e4t von Aix-Marseille. Als Spezialist f\u00fcr Sufismus und biblische Grundlagen konzentriert sich seine Forschung auf die Arbeit von Ibn Arabi und seinen Anh\u00e4ngern, einschlie\u00dflich Emir Abd el-Kader.<\/p>\n<p style=\"text-align: left;\"><strong>Idr\u00ees de Vos<\/strong>: Idr\u00ees de Vos ist Autor von etwa drei\u00dfig B\u00fcchern, \u00dcbersetzer und Redner, der sich auf den Sufismus spezialisiert hat.<\/p>\n<p style=\"text-align: left;\">Treffpunkt: Samstag, 27. M\u00e4rz 2021, 18.45 Uhr auf der Plattform:<\/p>\n<p style=\"text-align: left;\">Zoom.<\/p>\n<p style=\"text-align: left;\">Geschwisterliche Gr\u00fc\u00dfe<\/p>\n<p>&nbsp;<\/p>\n","protected":false},"excerpt":{"rendered":"<p>Le Livre oc\u00e9an : Abd el-Kader et le Coran Samedi 27 mars 2021\u00a0&#8211; 18h45\u00a0(Europe) Lien pour vous inscrire\u00a0:\u00a0Inscription Retrouvez plus d&#8217;informations sur\u00a0webjamaa.net En direct\u00a0sur la\u00a0chaine Youtube webjamaa\u00a0et sur\u00a0Facebook \u0625\u062e\u0648\u0627\u0646\u0646\u0627 \u0648\u0623\u062e\u0648\u0627\u062a\u0646\u0627 \u0627\u0644\u0623\u0639\u0632\u0627\u0621\u060c\u00a0\u0623\u0635\u062f\u0642\u0627\u0621\u0646\u0627 \u0627\u0644\u0623\u0639\u0632\u0627\u0621 \u062d\u064a\u0646\u0645\u0627 \u064a\u0642\u062f\u0651\u0645 \u0627\u0644\u0642\u0631\u0622\u0646 \u0646\u0641\u0633\u064e\u0647 \u0639\u0644\u0649 \u0623\u0646\u0647 \u0643\u0644\u0627\u0645 \u0627\u0644\u0644\u0647\u060c \u0648\u064a\u0643\u0648\u0646 \u0645\u062d\u064a\u0637\u0647 \u063a\u064a\u0631 \u0643\u0627\u0641\u064a\u0627\u064b \u0644\u0625\u064a\u0642\u0627\u0641 \u062a\u062f\u0641\u0642 \u0625\u0644\u0627\u0647\u064a \u0644\u0627 \u0646\u0647\u0627\u064a\u0629 \u0644\u0647 \u0645\u0646 \u0627\u0644\u0645\u062f\u062f\u060c \u0641\u0645\u0646 \u062e\u0644\u0627\u0644 \u0639\u0644\u0627\u0642\u0629 [&hellip;]<\/p>\n","protected":false},"author":2,"featured_media":13768,"comment_status":"open","ping_status":"open","sticky":false,"template":"","format":"standard","meta":{"footnotes":""},"categories":[6],"tags":[],"views":436,"_links":{"self":[{"href":"https:\/\/www.assoalawimaroc.com\/index.php?rest_route=\/wp\/v2\/posts\/13767"}],"collection":[{"href":"https:\/\/www.assoalawimaroc.com\/index.php?rest_route=\/wp\/v2\/posts"}],"about":[{"href":"https:\/\/www.assoalawimaroc.com\/index.php?rest_route=\/wp\/v2\/types\/post"}],"author":[{"embeddable":true,"href":"https:\/\/www.assoalawimaroc.com\/index.php?rest_route=\/wp\/v2\/users\/2"}],"replies":[{"embeddable":true,"href":"https:\/\/www.assoalawimaroc.com\/index.php?rest_route=%2Fwp%2Fv2%2Fcomments&post=13767"}],"version-history":[{"count":5,"href":"https:\/\/www.assoalawimaroc.com\/index.php?rest_route=\/wp\/v2\/posts\/13767\/revisions"}],"predecessor-version":[{"id":13773,"href":"https:\/\/www.assoalawimaroc.com\/index.php?rest_route=\/wp\/v2\/posts\/13767\/revisions\/13773"}],"wp:featuredmedia":[{"embeddable":true,"href":"https:\/\/www.assoalawimaroc.com\/index.php?rest_route=\/wp\/v2\/media\/13768"}],"wp:attachment":[{"href":"https:\/\/www.assoalawimaroc.com\/index.php?rest_route=%2Fwp%2Fv2%2Fmedia&parent=13767"}],"wp:term":[{"taxonomy":"category","embeddable":true,"href":"https:\/\/www.assoalawimaroc.com\/index.php?rest_route=%2Fwp%2Fv2%2Fcategories&post=13767"},{"taxonomy":"post_tag","embeddable":true,"href":"https:\/\/www.assoalawimaroc.com\/index.php?rest_route=%2Fwp%2Fv2%2Ftags&post=13767"}],"curies":[{"name":"wp","href":"https:\/\/api.w.org\/{rel}","templated":true}]}}