{"id":13734,"date":"2020-03-11T12:23:08","date_gmt":"2020-03-11T09:23:08","guid":{"rendered":"http:\/\/www.assoalawimaroc.com\/?p=13734"},"modified":"2021-03-15T22:16:57","modified_gmt":"2021-03-15T19:16:57","slug":"%d8%a5%d8%ae%d9%88%d8%a7%d9%86%d9%86%d8%a7-%d9%88%d8%a3%d8%ae%d9%88%d8%a7%d8%aa%d9%86%d8%a7-%d8%a7%d9%84%d8%a3%d8%b9%d8%b2%d8%a7%d8%a1%d8%8c-%d8%a3%d8%b5%d8%af%d9%82%d8%a7%d8%a1%d9%86%d8%a7-2","status":"publish","type":"post","link":"https:\/\/www.assoalawimaroc.com\/?p=13734","title":{"rendered":"\u0625\u062e\u0648\u0627\u0646\u0646\u0627 \u0648\u0623\u062e\u0648\u0627\u062a\u0646\u0627 \u0627\u0644\u0623\u0639\u0632\u0627\u0621\u060c\u00a0\u0623\u0635\u062f\u0642\u0627\u0621\u0646\u0627 \u0627\u0644\u0623\u0639\u0632\u0627\u0621  \u064a\u0633\u0639\u062f\u0646\u0627 \u062f\u0639\u0648\u062a\u0643\u0645 \u0644\u0642\u0636\u0627\u0621 \u0623\u0645\u0633\u064a\u0629 \u062d\u0648\u0644 \u0634\u062e\u0635\u064a\u0629 \u0627\u0644\u0639\u064e\u0637\u064e\u0651\u0627\u0631.\u00a0  \u0641\u064a \u0627\u0644\u062c\u0632\u0621 \u0627\u0644\u0623\u0648\u0644 \u060c \u0633\u062a\u062a\u062d\u062f\u062b \u0644\u064a\u0644\u064a \u0623\u0646\u0641\u0627\u0631 &#8211; 12 \u0645\u0627\u0631\u0633 2021"},"content":{"rendered":"<p><img decoding=\"async\" loading=\"lazy\" class=\"aligncenter size-large wp-image-13735\" src=\"http:\/\/www.assoalawimaroc.com\/wp-content\/uploads\/2021\/03\/unnamed-1024x576.jpg\" alt=\"\" width=\"1024\" height=\"576\" srcset=\"https:\/\/www.assoalawimaroc.com\/wp-content\/uploads\/2021\/03\/unnamed-1024x576.jpg 1024w, https:\/\/www.assoalawimaroc.com\/wp-content\/uploads\/2021\/03\/unnamed-300x169.jpg 300w, https:\/\/www.assoalawimaroc.com\/wp-content\/uploads\/2021\/03\/unnamed-768x432.jpg 768w, https:\/\/www.assoalawimaroc.com\/wp-content\/uploads\/2021\/03\/unnamed.jpg 1707w\" sizes=\"(max-width: 1024px) 100vw, 1024px\" \/><\/p>\n<h3 style=\"text-align: center;\"><span style=\"color: #0000ff;\"><strong>Far\u00eed al-D\u00een Att\u00e2r, Une vie, une oeuvre<\/strong><\/span><\/h3>\n<h3 style=\"text-align: center;\"><span style=\"color: #0000ff;\"><strong>Vendredi 12 mars 2021\u00a0&#8211; 20h30\u00a0<\/strong>(Europe)<\/span><\/h3>\n<p>Lien pour vous inscrire\u00a0:\u00a0<a href=\"https:\/\/webjamaa.us8.list-manage.com\/track\/click?u=762c9e1a33b17ec412a6083f8&amp;id=8838df3df5&amp;e=9db37cdd6f\">Inscription<\/a><\/p>\n<p>Retrouvez plus d&#8217;informations sur\u00a0<a href=\"https:\/\/webjamaa.us8.list-manage.com\/track\/click?u=762c9e1a33b17ec412a6083f8&amp;id=303f02d8cb&amp;e=9db37cdd6f\">webjamaa.net<\/a><br \/>\nEn direct\u00a0sur la\u00a0<a href=\"https:\/\/webjamaa.us8.list-manage.com\/track\/click?u=762c9e1a33b17ec412a6083f8&amp;id=03b67c69aa&amp;e=9db37cdd6f\">chaine Youtube webjamaa<\/a>\u00a0et sur\u00a0<a href=\"https:\/\/webjamaa.us8.list-manage.com\/track\/click?u=762c9e1a33b17ec412a6083f8&amp;id=9873966445&amp;e=9db37cdd6f\">Facebook<\/a><\/p>\n<p>\u0625\u062e\u0648\u0627\u0646\u0646\u0627 \u0648\u0623\u062e\u0648\u0627\u062a\u0646\u0627 \u0627\u0644\u0623\u0639\u0632\u0627\u0621\u060c\u00a0\u0623\u0635\u062f\u0642\u0627\u0621\u0646\u0627 \u0627\u0644\u0623\u0639\u0632\u0627\u0621<\/p>\n<p>\u064a\u0633\u0639\u062f\u0646\u0627 \u062f\u0639\u0648\u062a\u0643\u0645 \u0644\u0642\u0636\u0627\u0621 \u0623\u0645\u0633\u064a\u0629 \u062d\u0648\u0644 \u0634\u062e\u0635\u064a\u0629 \u0627\u0644\u0639\u064e\u0637\u064e\u0651\u0627\u0631.<\/p>\n<p>\u0641\u064a \u0627\u0644\u062c\u0632\u0621 \u0627\u0644\u0623\u0648\u0644 \u060c \u0633\u062a\u062a\u062d\u062f\u062b \u0644\u064a\u0644\u064a \u0623\u0646\u0641\u0627\u0631 \u060c \u0623\u0633\u062a\u0627\u0630\u0629 \u0645\u062d\u0627\u0636\u0631\u0629 \u0641\u064a \u0627\u0644\u0623\u062f\u0628 \u0627\u0644\u0641\u0627\u0631\u0633\u064a \u060c \u0639\u0646 &#8221;\u00a0<strong>\u062d\u064a\u0627\u062a\u0647 \u060c \u0639\u0645\u0644\u0647 \u0648\u0631\u0633\u0627\u0644\u062a\u0647<\/strong>&#8220;.<\/p>\n<p>\u0628\u0639\u062f \u0627\u0644\u0645\u062d\u0627\u0636\u0631\u0629 \u060c \u0633\u064a\u062a\u0645 \u062a\u0642\u062f\u064a\u0645 \u0645\u0639\u0631\u0636 \u0628\u0639\u0646\u0648\u0627\u0646: &#8220;<strong>\u0627\u0644\u0628\u062d\u062b \u0639\u0646 \u0627\u0644\u0636\u0631\u0648\u0631\u064a \u060c \u062b\u0644\u0627\u062b\u0648\u0646 \u0639\u0645\u0644\u0627\u064b \u0645\u0633\u062a\u0648\u062d\u0649 \u0645\u0646 \u0646\u0634\u064a\u062f \u0627\u0644\u0637\u064a\u0648\u0631 \u0644\u0650\u0644\u0639\u064e\u0637\u064e\u0651\u0627\u0631<\/strong>&#8221; \u0628\u0642\u0644\u0645 \u063a\u0627\u0646\u064a \u0631\u0648\u0627\u0628\u062d \u060c \u0627\u0644\u062e\u0637\u0627\u0637 \u0627\u0644\u0632\u062e\u0631\u0641\u064a.<\/p>\n<p>\u0645\u0648\u0639\u062f\u0646\u0627 \u064a\u0648\u0645 \u0627\u0644\u062c\u0645\u0639\u0629 12 \u00a0\u0645\u0627\u0631\u0633 2021 \u0641\u064a \u062a\u0645\u0627\u0645 \u0627\u0644\u0633\u0627\u0639\u0629 8:30 \u0645\u0633\u0627\u0621\u064b (\u0628\u062a\u0648\u0642\u064a\u062a \u0628\u0627\u0631\u064a\u0633)<\/p>\n<p>\u062a\u062d\u064a\u0627\u062a\u0646\u0627 \u0627\u0644\u0623\u062e\u0648\u064a\u0629.<\/p>\n<p style=\"text-align: left;\">Chers fr\u00e8res et s\u0153urs, Cher(e)s ami(e)s,<\/p>\n<p style=\"text-align: left;\">Nous sommes heureux de vous inviter \u00e0 une soir\u00e9e autour de la figure de \u2019Att\u00e2r. En premi\u00e8re partie, Leili Anvar, ma\u00eetre de conf\u00e9rences\u00a0en\u00a0litt\u00e9rature persane, interviendra sur le th\u00e8me\u00a0: \u00ab\u00a0<em>\u2019<strong>Att\u00e2r, sa vie, son \u0153uvre et son message<\/strong><\/em>\u00a0\u00bb. Cette conf\u00e9rence sera suivie par une pr\u00e9sentation de l\u2019exposition intitul\u00e9e\u00a0: \u00ab\u00a0<strong><em>La Qu\u00eate de l\u2019Essen-Ciel, trente \u0153uvres inspir\u00e9es du cantique des oiseaux d\u2019\u2018Att\u00e2r<\/em><\/strong>\u00a0\u00bb par Rany Rouabah, calligraphe-enlumineur.<\/p>\n<p style=\"text-align: left;\">Salutations fraternelles<\/p>\n<p style=\"text-align: left;\">Querido\/as hermanos y hermanas, Querido\/as amigo\/as,<\/p>\n<p style=\"text-align: left;\">Nos complace invitarles a una velada en torno a la figura de &#8216;Att\u00e2r. En la primera parte, Leili Anvar, conferenciante de literatura persa, hablar\u00e1 sobre el tema: &#8221;\u00a0<strong><em>&#8216;Att\u00e2r, su vida, su obra y su mensaje<\/em><\/strong>\u00a0&#8220;.<\/p>\n<p style=\"text-align: left;\">Tras esta conferencia, se presentar\u00e1 la exposici\u00f3n titulada: &#8221;\u00a0<strong><em>La b\u00fasqueda de lo Esencial, treinta obras inspiradas en el lenguaje de los p\u00e1jaros de &#8216;Att\u00e2r<\/em><\/strong>\u00a0&#8221; de Rany Rouabah, cal\u00edgrafo e iluminador.<\/p>\n<p style=\"text-align: left;\">Nuestra cita : este Viernes, 12 de marzo de 2021 en WEBJAMA a las 20:30 (GMT+1).<\/p>\n<p style=\"text-align: left;\">Saludos fraternales<\/p>\n<p style=\"text-align: left;\">Dear brothers and sisters, dear friends,<\/p>\n<p style=\"text-align: left;\">We are pleased to invite you to an evening around the figure of &#8216;Att\u00e2r. In the first part, Leili Anvar, a lecturer in Persian literature, will speak on the theme: &#8220;<strong><em>&#8216;Att\u00e2r, his life, his work and his message<\/em><\/strong>&#8220;. This lecture will be followed by a presentation of the exhibition entitled: &#8220;<strong><em>la Qu\u00eate de l&#8217;Essen-Ciel<\/em><\/strong><em>&#8221;\u00a0<\/em>by Rany Rouabah, calligrapher and illuminator, thirty works inspired by the Canticle of the birds by\u00a0&#8220;Att\u00e2r&#8221;<\/p>\n<p style=\"text-align: left;\">See you on\u00a0 WEBJAMA\u00a0 on Friday, March 12th,\u00a0at 8:30 pm CET.<\/p>\n<p style=\"text-align: left;\">Fraternal greetings<\/p>\n","protected":false},"excerpt":{"rendered":"<p>Far\u00eed al-D\u00een Att\u00e2r, Une vie, une oeuvre Vendredi 12 mars 2021\u00a0&#8211; 20h30\u00a0(Europe) Lien pour vous inscrire\u00a0:\u00a0Inscription Retrouvez plus d&#8217;informations sur\u00a0webjamaa.net En direct\u00a0sur la\u00a0chaine Youtube webjamaa\u00a0et sur\u00a0Facebook \u0625\u062e\u0648\u0627\u0646\u0646\u0627 \u0648\u0623\u062e\u0648\u0627\u062a\u0646\u0627 \u0627\u0644\u0623\u0639\u0632\u0627\u0621\u060c\u00a0\u0623\u0635\u062f\u0642\u0627\u0621\u0646\u0627 \u0627\u0644\u0623\u0639\u0632\u0627\u0621 \u064a\u0633\u0639\u062f\u0646\u0627 \u062f\u0639\u0648\u062a\u0643\u0645 \u0644\u0642\u0636\u0627\u0621 \u0623\u0645\u0633\u064a\u0629 \u062d\u0648\u0644 \u0634\u062e\u0635\u064a\u0629 \u0627\u0644\u0639\u064e\u0637\u064e\u0651\u0627\u0631. \u0641\u064a \u0627\u0644\u062c\u0632\u0621 \u0627\u0644\u0623\u0648\u0644 \u060c \u0633\u062a\u062a\u062d\u062f\u062b \u0644\u064a\u0644\u064a \u0623\u0646\u0641\u0627\u0631 \u060c \u0623\u0633\u062a\u0627\u0630\u0629 \u0645\u062d\u0627\u0636\u0631\u0629 \u0641\u064a \u0627\u0644\u0623\u062f\u0628 \u0627\u0644\u0641\u0627\u0631\u0633\u064a \u060c \u0639\u0646 &#8221;\u00a0\u062d\u064a\u0627\u062a\u0647 \u060c \u0639\u0645\u0644\u0647 [&hellip;]<\/p>\n","protected":false},"author":2,"featured_media":0,"comment_status":"open","ping_status":"open","sticky":false,"template":"","format":"standard","meta":{"footnotes":""},"categories":[29],"tags":[],"views":407,"_links":{"self":[{"href":"https:\/\/www.assoalawimaroc.com\/index.php?rest_route=\/wp\/v2\/posts\/13734"}],"collection":[{"href":"https:\/\/www.assoalawimaroc.com\/index.php?rest_route=\/wp\/v2\/posts"}],"about":[{"href":"https:\/\/www.assoalawimaroc.com\/index.php?rest_route=\/wp\/v2\/types\/post"}],"author":[{"embeddable":true,"href":"https:\/\/www.assoalawimaroc.com\/index.php?rest_route=\/wp\/v2\/users\/2"}],"replies":[{"embeddable":true,"href":"https:\/\/www.assoalawimaroc.com\/index.php?rest_route=%2Fwp%2Fv2%2Fcomments&post=13734"}],"version-history":[{"count":2,"href":"https:\/\/www.assoalawimaroc.com\/index.php?rest_route=\/wp\/v2\/posts\/13734\/revisions"}],"predecessor-version":[{"id":13737,"href":"https:\/\/www.assoalawimaroc.com\/index.php?rest_route=\/wp\/v2\/posts\/13734\/revisions\/13737"}],"wp:attachment":[{"href":"https:\/\/www.assoalawimaroc.com\/index.php?rest_route=%2Fwp%2Fv2%2Fmedia&parent=13734"}],"wp:term":[{"taxonomy":"category","embeddable":true,"href":"https:\/\/www.assoalawimaroc.com\/index.php?rest_route=%2Fwp%2Fv2%2Fcategories&post=13734"},{"taxonomy":"post_tag","embeddable":true,"href":"https:\/\/www.assoalawimaroc.com\/index.php?rest_route=%2Fwp%2Fv2%2Ftags&post=13734"}],"curies":[{"name":"wp","href":"https:\/\/api.w.org\/{rel}","templated":true}]}}