{"id":13520,"date":"2020-03-28T19:51:35","date_gmt":"2020-03-28T16:51:35","guid":{"rendered":"http:\/\/www.assoalawimaroc.com\/?p=13520"},"modified":"2021-02-09T13:06:42","modified_gmt":"2021-02-09T10:06:42","slug":"%d9%8a%d8%b3%d8%b9%d8%af%d9%86%d8%a7-%d8%a3%d9%86-%d9%86%d8%af%d8%b9%d9%88%d9%83%d9%85-%d8%a5%d9%84%d9%89-%d9%84%d9%82%d8%a7%d8%a1-%d8%b1%d9%88%d8%ad%d9%8a-%d8%ad%d9%88%d9%84-%d9%85%d9%88%d8%b6%d9%88","status":"publish","type":"post","link":"https:\/\/www.assoalawimaroc.com\/?p=13520","title":{"rendered":"\u064a\u0633\u0639\u062f\u0646\u0627 \u0623\u0646 \u0646\u062f\u0639\u0648\u0643\u0645 \u0625\u0644\u0649 \u0644\u0642\u0627\u0621 \u0631\u0648\u062d\u064a \u062d\u0648\u0644 \u0645\u0648\u0636\u0648\u0639: &#8220;\u0645\u0646 \u0639\u0627\u0644\u0645 \u0627\u0644\u0627\u0646\u0641\u0635\u0627\u0644 \u0625\u0644\u0649 \u0639\u0627\u0644\u0645 \u0627\u0644\u0648\u062d\u062f\u0629&#8221;.\u00a0\u064a\u0648\u0645 \u0627\u0644\u062e\u0645\u064a\u0633 31 \u062f\u064a\u0633\u0645\u0628\u0631 2020 \u0627\u0628\u062a\u062f\u0627\u0621\u064b \u0645\u0646 \u0627\u0644\u0633\u0627\u0639\u0629 9:30 \u0645\u0633\u0627\u0621\u064b\u00a0(\u0628\u062a\u0648\u0642\u064a\u062a \u0628\u0627\u0631\u064a\u0633)"},"content":{"rendered":"<p><iframe loading=\"lazy\" width=\"1170\" height=\"658\" src=\"https:\/\/www.youtube.com\/embed\/bkNZnqxjPQM?feature=oembed\" frameborder=\"0\" allow=\"accelerometer; autoplay; clipboard-write; encrypted-media; gyroscope; picture-in-picture\" allowfullscreen><\/iframe><\/p>\n<p><img decoding=\"async\" loading=\"lazy\" class=\"aligncenter size-large wp-image-13521\" src=\"http:\/\/www.assoalawimaroc.com\/wp-content\/uploads\/2020\/12\/unnamed-1-1-1024x576.jpg\" alt=\"\" width=\"1024\" height=\"576\" srcset=\"https:\/\/www.assoalawimaroc.com\/wp-content\/uploads\/2020\/12\/unnamed-1-1-1024x576.jpg 1024w, https:\/\/www.assoalawimaroc.com\/wp-content\/uploads\/2020\/12\/unnamed-1-1-300x169.jpg 300w, https:\/\/www.assoalawimaroc.com\/wp-content\/uploads\/2020\/12\/unnamed-1-1-768x432.jpg 768w, https:\/\/www.assoalawimaroc.com\/wp-content\/uploads\/2020\/12\/unnamed-1-1.jpg 1280w\" sizes=\"(max-width: 1024px) 100vw, 1024px\" \/><\/p>\n<h3 style=\"text-align: center;\"><span style=\"color: #0000ff;\"><strong>Rencontre spirituelle<br \/>\n&#8220;Du monde de la s\u00e9paration<br \/>\nvers le monde de l\u2019Unit\u00e9&#8221;<\/strong><\/span><\/h3>\n<h3 style=\"text-align: center;\"><span style=\"color: #0000ff;\"><strong>Jeudi 31 d\u00e9cembre 2020 &#8211; 21h30\u00a0<\/strong>(Europe)<\/span><\/h3>\n<p>Lien pour vous inscrire\u00a0:\u00a0<a href=\"https:\/\/webjamaa.us8.list-manage.com\/track\/click?u=762c9e1a33b17ec412a6083f8&amp;id=c56ff0a913&amp;e=9db37cdd6f\">Inscription<\/a><\/p>\n<p>Retrouvez plus d&#8217;informations sur\u00a0<a href=\"https:\/\/webjamaa.us8.list-manage.com\/track\/click?u=762c9e1a33b17ec412a6083f8&amp;id=376c345d3c&amp;e=9db37cdd6f\">webjamaa.net<\/a><\/p>\n<p>En direct\u00a0sur la\u00a0<a href=\"https:\/\/webjamaa.us8.list-manage.com\/track\/click?u=762c9e1a33b17ec412a6083f8&amp;id=0946c2bdd6&amp;e=9db37cdd6f\">chaine Youtube webjamaa<\/a>\u00a0et sur\u00a0<a href=\"https:\/\/webjamaa.us8.list-manage.com\/track\/click?u=762c9e1a33b17ec412a6083f8&amp;id=f43ca3f2fd&amp;e=9db37cdd6f\">Facebook<\/a><\/p>\n<p>&#8212;&#8211;<\/p>\n<p>Ch\u00e8res s\u0153urs,\u00a0Chers fr\u00e8res,\u00a0Cher(e)s ami(e)s<\/p>\n<p>Nous sommes heureux de vous inviter \u00e0 une rencontre spirituelle ayant pour th\u00e8me\u00a0: \u00ab\u00a0<strong>Du monde de la s\u00e9paration vers le monde de l\u2019unit\u00e9<\/strong>\u00a0\u00bb. Le 31 d\u00e9cembre 2020 \u00e0 partir de 21h30 (Paris), la soir\u00e9e d\u00e9butera par une interview du Cheikh Khaled Bentounes puis se poursuivra par des r\u00e9citations et des samaa jusqu\u2019au passage \u00e0 la nouvelle ann\u00e9e.<br \/>\nSalutations fraternelles<\/p>\n<p>\u0623\u0635\u062f\u0642\u0627\u0621\u0646\u0627 \u0627\u0644\u0623\u0639\u0632\u0627\u0621\u060c \u0625\u062e\u0648\u0627\u0646\u0646\u0627 \u0648\u0623\u062e\u0648\u0627\u062a\u0646\u0627 \u0627\u0644\u0623\u0639\u0632\u0627\u0621\u060c<\/p>\n<p>\u064a\u0633\u0639\u062f\u0646\u0627 \u0623\u0646 \u0646\u062f\u0639\u0648\u0643\u0645 \u0625\u0644\u0649 \u0644\u0642\u0627\u0621 \u0631\u0648\u062d\u064a \u062d\u0648\u0644 \u0645\u0648\u0636\u0648\u0639: &#8220;<strong>\u0645\u0646 \u0639\u0627\u0644\u0645 \u0627\u0644\u0627\u0646\u0641\u0635\u0627\u0644 \u0625\u0644\u0649 \u0639\u0627\u0644\u0645 \u0627\u0644\u0648\u062d\u062f\u0629<\/strong>&#8220;.\u00a0\u064a\u0648\u0645 \u0627\u0644\u062e\u0645\u064a\u0633 31 \u062f\u064a\u0633\u0645\u0628\u0631 2020 \u0627\u0628\u062a\u062f\u0627\u0621\u064b \u0645\u0646 \u0627\u0644\u0633\u0627\u0639\u0629 9:30 \u0645\u0633\u0627\u0621\u064b\u00a0(\u0628\u062a\u0648\u0642\u064a\u062a \u0628\u0627\u0631\u064a\u0633)\u060c \u062d\u064a\u062b \u0646\u0641\u062a\u062a\u062d \u0628\u062d\u0635\u0629 &#8220;\u0644\u0642\u0627\u0621 \u0648\u062d\u0648\u0627\u0631&#8221; \u0645\u0639 \u0627\u0644\u0634\u064a\u062e \u062e\u0627\u0644\u062f \u0628\u0646 \u062a\u0648\u0646\u0633 \u062b\u0645 \u062a\u062a\u0648\u0627\u0635\u0644 \u0627\u0644\u0623\u0645\u0633\u064a\u0629 \u0628\u0623\u0630\u0643\u0627\u0631 \u0648\u0633\u0645\u0627\u0639 \u062d\u062a\u0649 \u0628\u062f\u0627\u064a\u0629 \u0627\u0644\u0639\u0627\u0645 \u0627\u0644\u062c\u062f\u064a\u062f.<\/p>\n<p style=\"text-align: left;\">Dear sisters, dear brothers, dear friends,<\/p>\n<p>For our upcoming Webjamaa, Omar and S\u00e9bastien will invite us to an initiation to chivalry: &#8220;The fellow and his mount, from ancient tradition to future generations&#8221;.\u00a0Omar Belaari teaches Arabic and French at the<\/p>\n<p style=\"text-align: left;\">EPFC in Brussels. S\u00e9bastien Nechelput teaches Arabic literature at the<\/p>\n<p style=\"text-align: left;\">Queridas hermanas, Queridos hermanos, Queridos\/as amigos\/as<\/p>\n<p>Nos alegra invitaros a un encuentro espiritual con el tema: \u00abDel mundo de la separaci\u00f3n al mundo de la unidad\u00bb. El 31 de diciembre de 2020, a partir de las 21h30 horas (Par\u00eds), la velada comenzar\u00e1 con una entrevista al Cheikh Khaled Bentounes y continuar\u00e1 con recitaciones y samaa hasta el paso al nuevo a\u00f1o.<br \/>\nSaludos fraternos<\/p>\n<p><img decoding=\"async\" loading=\"lazy\" class=\"aligncenter size-full wp-image-13524\" src=\"http:\/\/www.assoalawimaroc.com\/wp-content\/uploads\/2020\/12\/134387954_277064920650887_1697822703249836791_n.jpg\" alt=\"\" width=\"670\" height=\"960\" srcset=\"https:\/\/www.assoalawimaroc.com\/wp-content\/uploads\/2020\/12\/134387954_277064920650887_1697822703249836791_n.jpg 670w, https:\/\/www.assoalawimaroc.com\/wp-content\/uploads\/2020\/12\/134387954_277064920650887_1697822703249836791_n-209x300.jpg 209w\" sizes=\"(max-width: 670px) 100vw, 670px\" \/><img decoding=\"async\" loading=\"lazy\" class=\"aligncenter size-full wp-image-13523\" src=\"http:\/\/www.assoalawimaroc.com\/wp-content\/uploads\/2020\/12\/133628105_277064913984221_8893492528541187853_n.jpg\" alt=\"\" width=\"670\" height=\"960\" srcset=\"https:\/\/www.assoalawimaroc.com\/wp-content\/uploads\/2020\/12\/133628105_277064913984221_8893492528541187853_n.jpg 670w, https:\/\/www.assoalawimaroc.com\/wp-content\/uploads\/2020\/12\/133628105_277064913984221_8893492528541187853_n-209x300.jpg 209w\" sizes=\"(max-width: 670px) 100vw, 670px\" \/><\/p>\n","protected":false},"excerpt":{"rendered":"<p>Rencontre spirituelle &#8220;Du monde de la s\u00e9paration vers le monde de l\u2019Unit\u00e9&#8221; Jeudi 31 d\u00e9cembre 2020 &#8211; 21h30\u00a0(Europe) Lien pour vous inscrire\u00a0:\u00a0Inscription Retrouvez plus d&#8217;informations sur\u00a0webjamaa.net En direct\u00a0sur la\u00a0chaine Youtube webjamaa\u00a0et sur\u00a0Facebook &#8212;&#8211; Ch\u00e8res s\u0153urs,\u00a0Chers fr\u00e8res,\u00a0Cher(e)s ami(e)s Nous sommes heureux de vous inviter \u00e0 une rencontre spirituelle ayant pour th\u00e8me\u00a0: \u00ab\u00a0Du monde de la s\u00e9paration [&hellip;]<\/p>\n","protected":false},"author":2,"featured_media":13521,"comment_status":"open","ping_status":"open","sticky":false,"template":"","format":"video","meta":{"footnotes":""},"categories":[7],"tags":[],"views":507,"_links":{"self":[{"href":"https:\/\/www.assoalawimaroc.com\/index.php?rest_route=\/wp\/v2\/posts\/13520"}],"collection":[{"href":"https:\/\/www.assoalawimaroc.com\/index.php?rest_route=\/wp\/v2\/posts"}],"about":[{"href":"https:\/\/www.assoalawimaroc.com\/index.php?rest_route=\/wp\/v2\/types\/post"}],"author":[{"embeddable":true,"href":"https:\/\/www.assoalawimaroc.com\/index.php?rest_route=\/wp\/v2\/users\/2"}],"replies":[{"embeddable":true,"href":"https:\/\/www.assoalawimaroc.com\/index.php?rest_route=%2Fwp%2Fv2%2Fcomments&post=13520"}],"version-history":[{"count":4,"href":"https:\/\/www.assoalawimaroc.com\/index.php?rest_route=\/wp\/v2\/posts\/13520\/revisions"}],"predecessor-version":[{"id":13525,"href":"https:\/\/www.assoalawimaroc.com\/index.php?rest_route=\/wp\/v2\/posts\/13520\/revisions\/13525"}],"wp:featuredmedia":[{"embeddable":true,"href":"https:\/\/www.assoalawimaroc.com\/index.php?rest_route=\/wp\/v2\/media\/13521"}],"wp:attachment":[{"href":"https:\/\/www.assoalawimaroc.com\/index.php?rest_route=%2Fwp%2Fv2%2Fmedia&parent=13520"}],"wp:term":[{"taxonomy":"category","embeddable":true,"href":"https:\/\/www.assoalawimaroc.com\/index.php?rest_route=%2Fwp%2Fv2%2Fcategories&post=13520"},{"taxonomy":"post_tag","embeddable":true,"href":"https:\/\/www.assoalawimaroc.com\/index.php?rest_route=%2Fwp%2Fv2%2Ftags&post=13520"}],"curies":[{"name":"wp","href":"https:\/\/api.w.org\/{rel}","templated":true}]}}