{"id":68,"date":"2010-06-04T05:32:00","date_gmt":"2010-06-04T02:32:00","guid":{"rendered":""},"modified":"2017-07-28T21:44:05","modified_gmt":"2017-07-28T18:44:05","slug":"la-flamme-de-lespoir-al-jazeera","status":"publish","type":"post","link":"http:\/\/www.assoalawimaroc.com\/?p=68","title":{"rendered":"La flamme de lespoir Al Jazeera"},"content":{"rendered":"<div align=\"center\">\n<div align=\"center\"><span class=\"Apple-style-span\" style=\"border-collapse: separate; color: #000000; font-family: 'Times New Roman'; font-size: 16px; font-style: normal; font-variant: normal; font-weight: normal; letter-spacing: normal; line-height: normal; orphans: 2; text-indent: 0px; text-transform: none; white-space: normal; widows: 2; word-spacing: 0px;\"><span class=\"Apple-style-span\" style=\"font-family: Arial,Helvetica,sans-serif; font-size: 12px;\">La chaine Al Jazeera a retransmis l\u00e9v\u00e9nement du 1er juillet 2007<\/span><\/span><\/div>\n<div align=\"center\"><span class=\"Apple-style-span\" style=\"border-collapse: separate; color: #000000; font-family: 'Times New Roman'; font-size: 16px; font-style: normal; font-variant: normal; font-weight: normal; letter-spacing: normal; line-height: normal; orphans: 2; text-indent: 0px; text-transform: none; white-space: normal; widows: 2; word-spacing: 0px;\"><span class=\"Apple-style-span\" style=\"font-family: Arial,Helvetica,sans-serif; font-size: 12px;\">La Flamme de Espoir organis\u00e9 par les Scouts Musulmans de France.<\/span><\/span><\/div>\n<\/div>\n<div align=\"center\"><\/div>\n<div align=\"center\"><object width=\"425\" height=\"350\" classid=\"clsid:d27cdb6e-ae6d-11cf-96b8-444553540000\" codebase=\"http:\/\/download.macromedia.com\/pub\/shockwave\/cabs\/flash\/swflash.cab#version=6,0,40,0\"><param name=\"width\" value=\"425\" \/><param name=\"height\" value=\"350\" \/><param name=\"src\" value=\"http:\/\/www.youtube.com\/v\/_GtPbBjwhI8\" \/><embed type=\"application\/x-shockwave-flash\" width=\"425\" height=\"350\" src=\"http:\/\/www.youtube.com\/v\/_GtPbBjwhI8\" \/><\/object><\/div>\n","protected":false},"excerpt":{"rendered":"<p>La chaine Al Jazeera a retransmis l\u00e9v\u00e9nement du 1er juillet 2007 La Flamme de Espoir organis\u00e9 par les Scouts Musulmans de France.<\/p>\n","protected":false},"author":1,"featured_media":2947,"comment_status":"open","ping_status":"open","sticky":false,"template":"","format":"video","meta":{"footnotes":""},"categories":[7],"tags":[],"views":502,"_links":{"self":[{"href":"http:\/\/www.assoalawimaroc.com\/index.php?rest_route=\/wp\/v2\/posts\/68"}],"collection":[{"href":"http:\/\/www.assoalawimaroc.com\/index.php?rest_route=\/wp\/v2\/posts"}],"about":[{"href":"http:\/\/www.assoalawimaroc.com\/index.php?rest_route=\/wp\/v2\/types\/post"}],"author":[{"embeddable":true,"href":"http:\/\/www.assoalawimaroc.com\/index.php?rest_route=\/wp\/v2\/users\/1"}],"replies":[{"embeddable":true,"href":"http:\/\/www.assoalawimaroc.com\/index.php?rest_route=%2Fwp%2Fv2%2Fcomments&post=68"}],"version-history":[{"count":1,"href":"http:\/\/www.assoalawimaroc.com\/index.php?rest_route=\/wp\/v2\/posts\/68\/revisions"}],"predecessor-version":[{"id":2946,"href":"http:\/\/www.assoalawimaroc.com\/index.php?rest_route=\/wp\/v2\/posts\/68\/revisions\/2946"}],"wp:featuredmedia":[{"embeddable":true,"href":"http:\/\/www.assoalawimaroc.com\/index.php?rest_route=\/wp\/v2\/media\/2947"}],"wp:attachment":[{"href":"http:\/\/www.assoalawimaroc.com\/index.php?rest_route=%2Fwp%2Fv2%2Fmedia&parent=68"}],"wp:term":[{"taxonomy":"category","embeddable":true,"href":"http:\/\/www.assoalawimaroc.com\/index.php?rest_route=%2Fwp%2Fv2%2Fcategories&post=68"},{"taxonomy":"post_tag","embeddable":true,"href":"http:\/\/www.assoalawimaroc.com\/index.php?rest_route=%2Fwp%2Fv2%2Ftags&post=68"}],"curies":[{"name":"wp","href":"https:\/\/api.w.org\/{rel}","templated":true}]}}