{"id":531,"date":"2015-06-26T11:24:00","date_gmt":"2015-06-26T08:24:00","guid":{"rendered":""},"modified":"2017-07-12T19:30:34","modified_gmt":"2017-07-12T16:30:34","slug":"president-fondateur-des-scouts-musulmans-de-france-a-propos-de-la-omra-petit-pelerinage","status":"publish","type":"post","link":"http:\/\/www.assoalawimaroc.com\/?p=531","title":{"rendered":"Pr\u00e9sident Fondateur des Scouts Musulmans de France \u00e0 propos de la Omra Petit P\u00e8lerinage"},"content":{"rendered":"<div align=\"center\">\n<p><iframe loading=\"lazy\" width=\"1170\" height=\"658\" src=\"https:\/\/www.youtube.com\/embed\/ix2UhGX48uM?feature=oembed\" frameborder=\"0\" allowfullscreen><\/iframe><\/p>\n<\/div>\n<div align=\"center\"><span style=\"font-size: medium;\"><strong>Pr\u00e9sident Fondateur des Scouts Musulmans de France \u00e0 propos de la Omra Petit P\u00e8lerinage <\/strong><\/span><\/div>\n","protected":false},"excerpt":{"rendered":"<p>Pr\u00e9sident Fondateur des Scouts Musulmans de France \u00e0 propos de la Omra Petit P\u00e8lerinage<\/p>\n","protected":false},"author":1,"featured_media":2118,"comment_status":"open","ping_status":"open","sticky":false,"template":"","format":"video","meta":{"footnotes":""},"categories":[7],"tags":[],"views":489,"_links":{"self":[{"href":"http:\/\/www.assoalawimaroc.com\/index.php?rest_route=\/wp\/v2\/posts\/531"}],"collection":[{"href":"http:\/\/www.assoalawimaroc.com\/index.php?rest_route=\/wp\/v2\/posts"}],"about":[{"href":"http:\/\/www.assoalawimaroc.com\/index.php?rest_route=\/wp\/v2\/types\/post"}],"author":[{"embeddable":true,"href":"http:\/\/www.assoalawimaroc.com\/index.php?rest_route=\/wp\/v2\/users\/1"}],"replies":[{"embeddable":true,"href":"http:\/\/www.assoalawimaroc.com\/index.php?rest_route=%2Fwp%2Fv2%2Fcomments&post=531"}],"version-history":[{"count":1,"href":"http:\/\/www.assoalawimaroc.com\/index.php?rest_route=\/wp\/v2\/posts\/531\/revisions"}],"predecessor-version":[{"id":2117,"href":"http:\/\/www.assoalawimaroc.com\/index.php?rest_route=\/wp\/v2\/posts\/531\/revisions\/2117"}],"wp:featuredmedia":[{"embeddable":true,"href":"http:\/\/www.assoalawimaroc.com\/index.php?rest_route=\/wp\/v2\/media\/2118"}],"wp:attachment":[{"href":"http:\/\/www.assoalawimaroc.com\/index.php?rest_route=%2Fwp%2Fv2%2Fmedia&parent=531"}],"wp:term":[{"taxonomy":"category","embeddable":true,"href":"http:\/\/www.assoalawimaroc.com\/index.php?rest_route=%2Fwp%2Fv2%2Fcategories&post=531"},{"taxonomy":"post_tag","embeddable":true,"href":"http:\/\/www.assoalawimaroc.com\/index.php?rest_route=%2Fwp%2Fv2%2Ftags&post=531"}],"curies":[{"name":"wp","href":"https:\/\/api.w.org\/{rel}","templated":true}]}}