{"id":497,"date":"2014-10-19T17:29:00","date_gmt":"2014-10-19T14:29:00","guid":{"rendered":""},"modified":"2017-07-05T21:44:40","modified_gmt":"2017-07-05T18:44:40","slug":"bonjour-dalgerie-19-octobre-2014","status":"publish","type":"post","link":"http:\/\/www.assoalawimaroc.com\/?p=497","title":{"rendered":"Bonjour d\u2019Alg\u00e9rie \u2013 19 octobre 2014"},"content":{"rendered":"<div align=\"center\"><\/div>\n<div style=\"text-align: center;\">\n<p><iframe loading=\"lazy\" width=\"1170\" height=\"878\" src=\"https:\/\/www.youtube.com\/embed\/eDZS6JJwTlI?feature=oembed\" frameborder=\"0\" allowfullscreen><\/iframe><\/p>\n<\/div>\n<div style=\"text-align: center;\">\n<p style=\"margin: 0px; padding: 0px 0px 16px; color: #888888; font-family: 'Signika Negative',sans-serif; font-size: 14px; font-style: normal; font-variant: normal; font-weight: normal; letter-spacing: normal; line-height: 24.5px; text-align: start; text-indent: 0px; text-transform: none; white-space: normal; word-spacing: 0px; background-color: #ffffff;\">Cheikh Khaled Bentounes \u00e9tait l\u2019invit\u00e9, ce jour 19 octobre 2014, de l\u2019emission Bonjour Alg\u00e9rie sur Canal Alg\u00e9rie, pr\u00e9sent\u00e9e par Monsieur Mahraz.<br \/>\nIl s\u2019exprimait sur le Congr\u00e8s International F\u00e9minin, qui aura lieu du 28 au 31 octobre 2014 \u00e0 Oran et Mostaganem, ainsi que sur les diff\u00e9rents th\u00e8mes qui y seront abord\u00e9s.<\/p>\n<p style=\"margin: 0px; padding: 0px 0px 16px; color: #888888; font-family: 'Signika Negative',sans-serif; font-size: 14px; font-style: normal; font-variant: normal; font-weight: normal; letter-spacing: normal; line-height: 24.5px; text-align: start; text-indent: 0px; text-transform: none; white-space: normal; word-spacing: 0px; background-color: #ffffff;\">\n<p style=\"margin: 0px; padding: 0px 0px 16px; color: #888888; font-family: 'Signika Negative',sans-serif; font-size: 14px; font-style: normal; font-variant: normal; font-weight: normal; letter-spacing: normal; line-height: 24.5px; text-align: start; text-indent: 0px; text-transform: none; white-space: normal; word-spacing: 0px; background-color: #ffffff;\">source : Canal Alg\u00e9rie \u2013 Bonjour d\u2019Alg\u00e9rie du 19 octobre 2014<\/p>\n<\/div>\n","protected":false},"excerpt":{"rendered":"<p>Cheikh Khaled Bentounes \u00e9tait l\u2019invit\u00e9, ce jour 19 octobre 2014, de l\u2019emission Bonjour Alg\u00e9rie sur Canal Alg\u00e9rie, pr\u00e9sent\u00e9e par Monsieur Mahraz. Il s\u2019exprimait sur le Congr\u00e8s International F\u00e9minin, qui aura lieu du 28 au 31 octobre 2014 \u00e0 Oran et Mostaganem, ainsi que sur les diff\u00e9rents th\u00e8mes qui y seront abord\u00e9s. source : Canal Alg\u00e9rie [&hellip;]<\/p>\n","protected":false},"author":1,"featured_media":1639,"comment_status":"open","ping_status":"open","sticky":false,"template":"","format":"video","meta":{"footnotes":""},"categories":[61],"tags":[],"views":602,"_links":{"self":[{"href":"http:\/\/www.assoalawimaroc.com\/index.php?rest_route=\/wp\/v2\/posts\/497"}],"collection":[{"href":"http:\/\/www.assoalawimaroc.com\/index.php?rest_route=\/wp\/v2\/posts"}],"about":[{"href":"http:\/\/www.assoalawimaroc.com\/index.php?rest_route=\/wp\/v2\/types\/post"}],"author":[{"embeddable":true,"href":"http:\/\/www.assoalawimaroc.com\/index.php?rest_route=\/wp\/v2\/users\/1"}],"replies":[{"embeddable":true,"href":"http:\/\/www.assoalawimaroc.com\/index.php?rest_route=%2Fwp%2Fv2%2Fcomments&post=497"}],"version-history":[{"count":3,"href":"http:\/\/www.assoalawimaroc.com\/index.php?rest_route=\/wp\/v2\/posts\/497\/revisions"}],"predecessor-version":[{"id":1640,"href":"http:\/\/www.assoalawimaroc.com\/index.php?rest_route=\/wp\/v2\/posts\/497\/revisions\/1640"}],"wp:featuredmedia":[{"embeddable":true,"href":"http:\/\/www.assoalawimaroc.com\/index.php?rest_route=\/wp\/v2\/media\/1639"}],"wp:attachment":[{"href":"http:\/\/www.assoalawimaroc.com\/index.php?rest_route=%2Fwp%2Fv2%2Fmedia&parent=497"}],"wp:term":[{"taxonomy":"category","embeddable":true,"href":"http:\/\/www.assoalawimaroc.com\/index.php?rest_route=%2Fwp%2Fv2%2Fcategories&post=497"},{"taxonomy":"post_tag","embeddable":true,"href":"http:\/\/www.assoalawimaroc.com\/index.php?rest_route=%2Fwp%2Fv2%2Ftags&post=497"}],"curies":[{"name":"wp","href":"https:\/\/api.w.org\/{rel}","templated":true}]}}