{"id":4489,"date":"2017-11-27T13:02:45","date_gmt":"2017-11-27T10:02:45","guid":{"rendered":"http:\/\/www.assoalawimaroc.com\/?p=4489"},"modified":"2017-11-27T13:12:54","modified_gmt":"2017-11-27T10:12:54","slug":"%d8%a7%d9%84%d9%85%d9%84%d8%aa%d9%80%d9%80%d9%80%d9%80%d9%82%d9%89-%d8%a7%d9%84%d8%a3%d9%88%d9%84-%d8%a8%d8%a7%d9%84%d8%b2%d8%a7%d9%88%d9%8a%d8%a9-%d8%a7%d9%84%d9%83%d8%a8%d9%80%d9%80%d9%80%d9%80","status":"publish","type":"post","link":"http:\/\/www.assoalawimaroc.com\/?p=4489","title":{"rendered":"\u0627\u0644\u0645\u0644\u062a\u0640\u0640\u0640\u0640\u0642\u0649 \u0627\u0644\u0623\u0648\u0644 \u0628\u0627\u0644\u0632\u0627\u0648\u064a\u0629 \u0627\u0644\u0643\u0628\u0640\u0640\u0640\u0640\u0640\u0640\u0631\u0649 \u0628\u0645\u0633\u062a\u063a\u0627\u0646\u0645 \u0633\u0646\u0629 1982\u0645"},"content":{"rendered":"<p style=\"text-align: center;\">\u0627\u0644\u0645\u0644\u062a\u0640\u0640\u0640\u0640\u0642\u0649 \u0627\u0644\u0623\u0648\u0644 \u0628\u0627\u0644\u0632\u0627\u0648\u064a\u0629 \u0627\u0644\u0643\u0628\u0640\u0640\u0640\u0640\u0640\u0640\u0631\u0649 \u0628\u0645\u0633\u062a\u063a\u0627\u0646\u0645 \u0633\u0646\u0629 1982\u0645<br \/>\n\u062d\u0640\u0640\u0640\u0640\u0640\u0640\u0640\u0640\u0648\u0644 (\u0627\u0644\u0642\u0631\u0622\u0646 \u0627\u0644\u0643\u0631\u064a\u0645 \u0648\u0627\u0644\u0634\u0631\u064a\u0639\u0629 \u0627\u0644\u0625\u0633\u0644\u0627\u0645\u064a\u0629)<br \/>\n\u062a\u062d\u062a \u0625\u0634\u0631\u0627\u0641 \u0627\u0644\u0634\u064a\u062e \u062e\u0627\u0644\u062f \u0628\u0646 \u062a\u0640\u0640\u0648\u0646\u0633 &#8221; \u0627\u0644\u0634\u064a\u062e \u0627\u0644\u062d\u0627\u0644\u064a \u0644\u0644\u0637\u0631\u064a\u0642\u0629 \u0627\u0644\u0639\u0644\u0627\u0648\u064a\u0629&#8221;<br \/>\n\u0645\u0646 24 \u062c\u0648\u064a\u0644\u064a\u0629 \u0625\u0644\u0649 30 \u062c\u0648\u064a\u0644\u064a\u0629 \u0633\u0646\u0629 1982\u0645<br \/>\nLe premier S\u00e9minaire \u00e0 la zawiya Alawiya de mostaganem 1982. Ayant pour th\u00e8me &#8220;Le coran et la chari\u00e2&#8221;<br \/>\nAnime et dirige par le cheikh Khaled Bentounes<br \/>\ndu 24 au 30 juillet 1982<\/p>\n<p><img decoding=\"async\" loading=\"lazy\" class=\"aligncenter wp-image-4492 size-full\" src=\"http:\/\/www.assoalawimaroc.com\/wp-content\/uploads\/2017\/11\/23905403_2000849683489974_4719369007849548552_n.jpg\" alt=\"\" width=\"720\" height=\"437\" srcset=\"http:\/\/www.assoalawimaroc.com\/wp-content\/uploads\/2017\/11\/23905403_2000849683489974_4719369007849548552_n.jpg 720w, http:\/\/www.assoalawimaroc.com\/wp-content\/uploads\/2017\/11\/23905403_2000849683489974_4719369007849548552_n-300x182.jpg 300w\" sizes=\"(max-width: 720px) 100vw, 720px\" \/><\/p>\n<p><img decoding=\"async\" loading=\"lazy\" class=\"aligncenter wp-image-4490 size-full\" src=\"http:\/\/www.assoalawimaroc.com\/wp-content\/uploads\/2017\/11\/23843413_2000849766823299_2793954603668268699_n.jpg\" alt=\"\" width=\"720\" height=\"437\" srcset=\"http:\/\/www.assoalawimaroc.com\/wp-content\/uploads\/2017\/11\/23843413_2000849766823299_2793954603668268699_n.jpg 720w, http:\/\/www.assoalawimaroc.com\/wp-content\/uploads\/2017\/11\/23843413_2000849766823299_2793954603668268699_n-300x182.jpg 300w\" sizes=\"(max-width: 720px) 100vw, 720px\" \/> <img decoding=\"async\" loading=\"lazy\" class=\"aligncenter wp-image-4491 size-full\" src=\"http:\/\/www.assoalawimaroc.com\/wp-content\/uploads\/2017\/11\/23844960_2000849890156620_6036193284857701210_n.jpg\" alt=\"\" width=\"720\" height=\"437\" srcset=\"http:\/\/www.assoalawimaroc.com\/wp-content\/uploads\/2017\/11\/23844960_2000849890156620_6036193284857701210_n.jpg 720w, http:\/\/www.assoalawimaroc.com\/wp-content\/uploads\/2017\/11\/23844960_2000849890156620_6036193284857701210_n-300x182.jpg 300w\" sizes=\"(max-width: 720px) 100vw, 720px\" \/><\/p>\n","protected":false},"excerpt":{"rendered":"<p>\u0627\u0644\u0645\u0644\u062a\u0640\u0640\u0640\u0640\u0642\u0649 \u0627\u0644\u0623\u0648\u0644 \u0628\u0627\u0644\u0632\u0627\u0648\u064a\u0629 \u0627\u0644\u0643\u0628\u0640\u0640\u0640\u0640\u0640\u0640\u0631\u0649 \u0628\u0645\u0633\u062a\u063a\u0627\u0646\u0645 \u0633\u0646\u0629 1982\u0645 \u062d\u0640\u0640\u0640\u0640\u0640\u0640\u0640\u0640\u0648\u0644 (\u0627\u0644\u0642\u0631\u0622\u0646 \u0627\u0644\u0643\u0631\u064a\u0645 \u0648\u0627\u0644\u0634\u0631\u064a\u0639\u0629 \u0627\u0644\u0625\u0633\u0644\u0627\u0645\u064a\u0629) \u062a\u062d\u062a \u0625\u0634\u0631\u0627\u0641 \u0627\u0644\u0634\u064a\u062e \u062e\u0627\u0644\u062f \u0628\u0646 \u062a\u0640\u0640\u0648\u0646\u0633 &#8221; \u0627\u0644\u0634\u064a\u062e \u0627\u0644\u062d\u0627\u0644\u064a \u0644\u0644\u0637\u0631\u064a\u0642\u0629 \u0627\u0644\u0639\u0644\u0627\u0648\u064a\u0629&#8221; \u0645\u0646 24 \u062c\u0648\u064a\u0644\u064a\u0629 \u0625\u0644\u0649 30 \u062c\u0648\u064a\u0644\u064a\u0629 \u0633\u0646\u0629 1982\u0645 Le premier S\u00e9minaire \u00e0 la zawiya Alawiya de mostaganem 1982. Ayant pour th\u00e8me &#8220;Le coran et la chari\u00e2&#8221; Anime et dirige par le cheikh [&hellip;]<\/p>\n","protected":false},"author":2,"featured_media":4493,"comment_status":"open","ping_status":"open","sticky":false,"template":"","format":"standard","meta":{"footnotes":""},"categories":[29],"tags":[],"views":471,"_links":{"self":[{"href":"http:\/\/www.assoalawimaroc.com\/index.php?rest_route=\/wp\/v2\/posts\/4489"}],"collection":[{"href":"http:\/\/www.assoalawimaroc.com\/index.php?rest_route=\/wp\/v2\/posts"}],"about":[{"href":"http:\/\/www.assoalawimaroc.com\/index.php?rest_route=\/wp\/v2\/types\/post"}],"author":[{"embeddable":true,"href":"http:\/\/www.assoalawimaroc.com\/index.php?rest_route=\/wp\/v2\/users\/2"}],"replies":[{"embeddable":true,"href":"http:\/\/www.assoalawimaroc.com\/index.php?rest_route=%2Fwp%2Fv2%2Fcomments&post=4489"}],"version-history":[{"count":4,"href":"http:\/\/www.assoalawimaroc.com\/index.php?rest_route=\/wp\/v2\/posts\/4489\/revisions"}],"predecessor-version":[{"id":4497,"href":"http:\/\/www.assoalawimaroc.com\/index.php?rest_route=\/wp\/v2\/posts\/4489\/revisions\/4497"}],"wp:featuredmedia":[{"embeddable":true,"href":"http:\/\/www.assoalawimaroc.com\/index.php?rest_route=\/wp\/v2\/media\/4493"}],"wp:attachment":[{"href":"http:\/\/www.assoalawimaroc.com\/index.php?rest_route=%2Fwp%2Fv2%2Fmedia&parent=4489"}],"wp:term":[{"taxonomy":"category","embeddable":true,"href":"http:\/\/www.assoalawimaroc.com\/index.php?rest_route=%2Fwp%2Fv2%2Fcategories&post=4489"},{"taxonomy":"post_tag","embeddable":true,"href":"http:\/\/www.assoalawimaroc.com\/index.php?rest_route=%2Fwp%2Fv2%2Ftags&post=4489"}],"curies":[{"name":"wp","href":"https:\/\/api.w.org\/{rel}","templated":true}]}}