{"id":4453,"date":"2017-11-22T15:13:37","date_gmt":"2017-11-22T12:13:37","guid":{"rendered":"http:\/\/www.assoalawimaroc.com\/?p=4453"},"modified":"2017-11-22T15:30:40","modified_gmt":"2017-11-22T12:30:40","slug":"brussels-mawlid-festival-6eme-edition","status":"publish","type":"post","link":"http:\/\/www.assoalawimaroc.com\/?p=4453","title":{"rendered":"BRUSSELS MAWLID FESTIVAL \u2013 6\u00e8me \u00c9DITION"},"content":{"rendered":"<p><img decoding=\"async\" loading=\"lazy\" class=\"aligncenter wp-image-4454 size-full\" src=\"http:\/\/www.assoalawimaroc.com\/wp-content\/uploads\/2017\/11\/23518963_704647906400434_7060921425889818337_n.jpg\" alt=\"\" width=\"676\" height=\"960\" srcset=\"http:\/\/www.assoalawimaroc.com\/wp-content\/uploads\/2017\/11\/23518963_704647906400434_7060921425889818337_n.jpg 676w, http:\/\/www.assoalawimaroc.com\/wp-content\/uploads\/2017\/11\/23518963_704647906400434_7060921425889818337_n-211x300.jpg 211w\" sizes=\"(max-width: 676px) 100vw, 676px\" \/><\/p>\n<p style=\"text-align: center;\">\u00ab Vers une M\u00e9lodie Universelle \u00bb<br \/>\nBRUSSELS MAWLID FESTIVAL \u2013 6\u00e8me \u00c9DITION<br \/>\n9D\u00e9cembre 2017 &#8211; 19:30 ESPACE LUMEN<br \/>\nChauss\u00e9e de Boondael 32-36, 1050 BRUXELLES &#8211; BELGI<span class=\"text_exposed_show\">QUE<\/span><\/p>\n<div class=\"text_exposed_show\">\n<p style=\"text-align: left;\">Le 6\u00e8me Brussels Mawlid Festival, organis\u00e9 par l\u2019Association \u00ab Ensemble pour la Paix et la Fraternit\u00e9 \u00bb, met en sc\u00e8ne un dialogue musical entre Occident et Orient afin de convier tous les citoyens \u00e0 synchroniser leurs c\u0153urs au diapason d\u02bcune \u00ab M\u00e9lodie Universelle \u00bb !<\/p>\n<p style=\"text-align: left;\">Lorsque l\u02bcOccident et l\u02bcOrient se r\u00e9unissent comme les deux faces d\u02bcun m\u00eame Miroir, un puissant message de Sagesse et de Paix jaillit de leur mariage. La r\u00e9union de la musique classique avec des \u0153uvres de Sages Soufis ainsi que des textes de po\u00e8tes d\u02bcOccident et d\u02bcOrient (Cheikh al-Alawi, Cheikh Khaled Bentounes, Taha Adnan, Dorothy Oger, Jean Garcia, Miguel Fernandez), expriment ensemble le message de Paix, de Tol\u00e9rance et du \u00ab Vivre Ensemble \u00bb.<\/p>\n<p style=\"text-align: left;\">Sous la direction de Mona A. Ahdab, le programme musical du Festival et le choix exceptionnel de plusieurs artistes internationaux, originaires de dix nationalit\u00e9s et cultures diff\u00e9rentes, illustrent le d\u00e9sir de s\u02bcunir au-del\u00e0 des diff\u00e9rences, afin de contribuer \u00e0 l\u02bc\u00e9dification de la famille humaine autour du partage des richesses culturelles.<\/p>\n<p style=\"text-align: left;\">Fond\u00e9 en 2003 par Cheikh Khaled Bentounes, Pr\u00e9sident d\u2019honneur de l\u2019Association \u00ab Ensemble pour la Paix et la Fraternit\u00e9 \u00bb, le Festival a pour vocation de se rassembler sans se ressembler pour insuffler, \u00e0 partir de Bruxelles, une parole de Paix et un souffle vivifiant irradiant le coeur de l\u02bcEurope<\/p>\n<p style=\"text-align: left;\"><img decoding=\"async\" loading=\"lazy\" class=\"aligncenter size-medium\" src=\"http:\/\/www.assoalawimaroc.com\/wp-content\/uploads\/2017\/11\/2543609emyc5ngs16.gif\" width=\"350\" height=\"410\" \/><img decoding=\"async\" loading=\"lazy\" class=\"aligncenter\" src=\"http:\/\/www.assoalawimaroc.com\/wp-content\/uploads\/2017\/11\/tumblr_of7p5gE5v61smv61lo1_540.gif\" alt=\"\" width=\"530\" height=\"530\" \/><\/p>\n<\/div>\n","protected":false},"excerpt":{"rendered":"<p>\u00ab Vers une M\u00e9lodie Universelle \u00bb BRUSSELS MAWLID FESTIVAL \u2013 6\u00e8me \u00c9DITION 9D\u00e9cembre 2017 &#8211; 19:30 ESPACE LUMEN Chauss\u00e9e de Boondael 32-36, 1050 BRUXELLES &#8211; BELGIQUE Le 6\u00e8me Brussels Mawlid Festival, organis\u00e9 par l\u2019Association \u00ab Ensemble pour la Paix et la Fraternit\u00e9 \u00bb, met en sc\u00e8ne un dialogue musical entre Occident et Orient afin de [&hellip;]<\/p>\n","protected":false},"author":2,"featured_media":4455,"comment_status":"open","ping_status":"open","sticky":false,"template":"","format":"standard","meta":{"footnotes":""},"categories":[44],"tags":[],"views":499,"_links":{"self":[{"href":"http:\/\/www.assoalawimaroc.com\/index.php?rest_route=\/wp\/v2\/posts\/4453"}],"collection":[{"href":"http:\/\/www.assoalawimaroc.com\/index.php?rest_route=\/wp\/v2\/posts"}],"about":[{"href":"http:\/\/www.assoalawimaroc.com\/index.php?rest_route=\/wp\/v2\/types\/post"}],"author":[{"embeddable":true,"href":"http:\/\/www.assoalawimaroc.com\/index.php?rest_route=\/wp\/v2\/users\/2"}],"replies":[{"embeddable":true,"href":"http:\/\/www.assoalawimaroc.com\/index.php?rest_route=%2Fwp%2Fv2%2Fcomments&post=4453"}],"version-history":[{"count":5,"href":"http:\/\/www.assoalawimaroc.com\/index.php?rest_route=\/wp\/v2\/posts\/4453\/revisions"}],"predecessor-version":[{"id":4461,"href":"http:\/\/www.assoalawimaroc.com\/index.php?rest_route=\/wp\/v2\/posts\/4453\/revisions\/4461"}],"wp:featuredmedia":[{"embeddable":true,"href":"http:\/\/www.assoalawimaroc.com\/index.php?rest_route=\/wp\/v2\/media\/4455"}],"wp:attachment":[{"href":"http:\/\/www.assoalawimaroc.com\/index.php?rest_route=%2Fwp%2Fv2%2Fmedia&parent=4453"}],"wp:term":[{"taxonomy":"category","embeddable":true,"href":"http:\/\/www.assoalawimaroc.com\/index.php?rest_route=%2Fwp%2Fv2%2Fcategories&post=4453"},{"taxonomy":"post_tag","embeddable":true,"href":"http:\/\/www.assoalawimaroc.com\/index.php?rest_route=%2Fwp%2Fv2%2Ftags&post=4453"}],"curies":[{"name":"wp","href":"https:\/\/api.w.org\/{rel}","templated":true}]}}