{"id":4299,"date":"2017-10-27T23:51:35","date_gmt":"2017-10-27T20:51:35","guid":{"rendered":"http:\/\/www.assoalawimaroc.com\/?p=4299"},"modified":"2017-10-28T12:42:02","modified_gmt":"2017-10-28T09:42:02","slug":"4299","status":"publish","type":"post","link":"http:\/\/www.assoalawimaroc.com\/?p=4299","title":{"rendered":"Islams et musulmans d&#8217;Europe \u00e0 l&#8217;\u00e9preuve du libre examen Cheminements spirituels, libert\u00e9 de pens\u00e9e et de conscience"},"content":{"rendered":"<p dir=\"ltr\"><strong><img decoding=\"async\" loading=\"lazy\" class=\"aligncenter wp-image-4300 size-full\" src=\"http:\/\/www.assoalawimaroc.com\/wp-content\/uploads\/2017\/10\/FB_IMG_1509132777008.jpg\" alt=\"\" width=\"635\" height=\"896\" srcset=\"http:\/\/www.assoalawimaroc.com\/wp-content\/uploads\/2017\/10\/FB_IMG_1509132777008.jpg 635w, http:\/\/www.assoalawimaroc.com\/wp-content\/uploads\/2017\/10\/FB_IMG_1509132777008-213x300.jpg 213w\" sizes=\"(max-width: 635px) 100vw, 635px\" \/><\/strong><\/p>\n<p style=\"text-align: left;\"><strong>Le Cercle du libre examen et La Pens\u00e9e et les Hommes<\/strong><\/p>\n<p style=\"text-align: left;\"><strong>sont heureux de vous pr\u00e9senter leur prochain colloque<\/strong><br \/>\n<strong> le samedi 28 octobre 2017 de 9h \u00e0 18 heures.<\/strong><\/p>\n<p style=\"text-align: left;\"><strong>Islams et musulmans d&#8217;Europe \u00e0 l&#8217;\u00e9preuve du libre examen<\/strong><br \/>\n<strong> Cheminements spirituels, libert\u00e9 de pens\u00e9e et de conscience<\/strong><br \/>\n<strong> dans le monde musulman contemporain ?<\/strong><\/p>\n<p style=\"text-align: left;\">Face \u00e0 l\u2019islamisme, id\u00e9ologie politique totalitaire qui instrumentalise la religion, face aux wahhabites, salafistes, fr\u00e9ristes et &#8230; autres djihadistes, tenants d\u2019un islam h\u00e9g\u00e9monique, nous avons le devoir d\u2019\u00e9couter la voix des soufis, al\u00e9vis, baha\u00efs et conna\u00eetre les th\u00e8ses d\u00e9velopp\u00e9es par les penseurs \u00ab n\u00e9o-mutazilites \u00bb, d\u00e9fenseurs d\u2019un islam de \u00ab l\u2019int\u00e9riorit\u00e9 \u00bb. Un islam \u00e9thique et spirituel, lib\u00e9ral et humaniste, d\u00e9barrass\u00e9 de l\u2019influence d\u00e9l\u00e9t\u00e8re des th\u00e9ologiens de la charia et du djihad. Un islam qui concilie foi et raison, tradition et libre-examen, engagement personnel et citoyennet\u00e9.<\/p>\n<p style=\"text-align: left;\">PROGRAMME<\/p>\n<p style=\"text-align: left;\">9h30 Accueil, Jacques Lemaire<br \/>\n9h35 Pr\u00e9sentation du Cercle du libre examen et explication sur la m\u00e9thodologie du libre examen, Morgane Rigaux<br \/>\n9h50 Pourquoi cette journ\u00e9e ?, Chemsi Cheref-Khan<br \/>\n10h00 Concr\u00e8tement, que signifie : \u00ab l\u2019islam est pluriel \u00bb ?, Mohammed Jamouchi<br \/>\n10h30 Questions-R\u00e9ponses<br \/>\n10h50 Pause caf\u00e9<br \/>\n11h05 Le libre examen comme pr\u00e9requis aux sciences des religions : le cas de l&#8217;islam, Hicham Abdel Gawad<br \/>\n11h35 Raison et libert\u00e9 de pens\u00e9e dans la culture islamique, Ahmad Aminian<br \/>\n12h05 L\u2019interdiction de se marier hors de l\u2019islam, face \u00e0 la libert\u00e9 de conscience de la musulmane ?, In\u00e8s Hammami<br \/>\n12h35 Questions-R\u00e9ponses<br \/>\n13h00 Lunch<br \/>\n14h00 Le vivre ensemble et la r\u00e9conciliation de la famille humaine, Cheikh Khaled Bentounes<br \/>\n14h40 Le libre examen des textes fondateurs de l\u2019islam : une r\u00e9volution culturelle ?, Latifa A\u00eft Baala<br \/>\n15h10 Libre pens\u00e9e et soumission, quelle place pour le libre examen dans la tradition islamique ?, S\u00e9bastien Nechelput<br \/>\n15h40 Questions-R\u00e9ponses<br \/>\n16h00 Pause Caf\u00e9<br \/>\n16h15 Table ronde<br \/>\nIslams, libre examen : quelles perspectives ?<br \/>\nHicham Abdel Gawad, Latifa A\u00eft Baala, Cheikh Khaled Bentounes, Mohammed Jamouchi<br \/>\n17h00 R\u00e9ponses entre intervenants 4 x 5 minutes<br \/>\n17h20 Questions-R\u00e9ponses<br \/>\n17h45 Conclusions, Chemsi Cheref-Khan<br \/>\n18h00 Vin d\u2019honneur<\/p>\n<p style=\"text-align: left;\">PAF<\/p>\n<p style=\"text-align: left;\">Entr\u00e9e avec lunch : 15 \u20ac<br \/>\nActes : 10 \u20ac<\/p>\n<p style=\"text-align: left;\">\u00c9tudiant :<br \/>\n&#8211; 1\/4 de journ\u00e9e : 1 \u20ac<br \/>\n&#8211; journ\u00e9e compl\u00e8te avec lunch : 5 \u20ac<\/p>\n<p style=\"text-align: left;\">Le lunch comprend :<br \/>\n* les pauses caf\u00e9s<br \/>\n* le repas du midi compos\u00e9 de minis sandwichs<br \/>\naccompagn\u00e9s de vin, eau, jus, soft<br \/>\n* le vin d&#8217;honneur en fin de journ\u00e9e<\/p>\n<p style=\"text-align: left;\">Inscription obligatoire (pour la logistique)<br \/>\nici<\/p>\n<p style=\"text-align: left;\">tp:\/\/www.lapenseeetleshommes.be\/images\/Flyers2017\/Affiche.jpg<\/p>\n<p style=\"text-align: left;\">INFORMATION ET RESERVATION<\/p>\n<p style=\"text-align: left;\">La Pens\u00e9e et les Hommes<br \/>\n02 640 15 20<br \/>\nsecretariat@lapenseeetleshommes.be<\/p>\n<p style=\"text-align: left;\">O\u00f9 ?<br \/>\nInstitut de Sociologie<br \/>\nSalle Dupr\u00e9el<br \/>\nAvenue Jeanne 44<br \/>\n1050 BRUXELLES<\/p>\n<p style=\"text-align: left;\">Parking<br \/>\nSous l&#8217;Institut de Sociologie<br \/>\nEntr\u00e9e sur la gauche du b\u00e2timent<\/p>\n<p style=\"text-align: left;\">TRANSPORTS EN COMMUN<\/p>\n<p style=\"text-align: left;\">Tram<br \/>\n94 : arr\u00eat Cambre-\u00c9toile ou ULB<br \/>\n7 : arr\u00eat Cambre-\u00c9toile<br \/>\n25 : arr\u00eat ULB<\/p>\n<p style=\"text-align: left;\">Bus<br \/>\n71 : arr\u00eat ULB<\/p>\n","protected":false},"excerpt":{"rendered":"<p>Le Cercle du libre examen et La Pens\u00e9e et les Hommes sont heureux de vous pr\u00e9senter leur prochain colloque le samedi 28 octobre 2017 de 9h \u00e0 18 heures. Islams et musulmans d&#8217;Europe \u00e0 l&#8217;\u00e9preuve du libre examen Cheminements spirituels, libert\u00e9 de pens\u00e9e et de conscience dans le monde musulman contemporain ? Face \u00e0 l\u2019islamisme, [&hellip;]<\/p>\n","protected":false},"author":2,"featured_media":0,"comment_status":"open","ping_status":"open","sticky":false,"template":"","format":"standard","meta":{"footnotes":""},"categories":[16],"tags":[],"views":650,"_links":{"self":[{"href":"http:\/\/www.assoalawimaroc.com\/index.php?rest_route=\/wp\/v2\/posts\/4299"}],"collection":[{"href":"http:\/\/www.assoalawimaroc.com\/index.php?rest_route=\/wp\/v2\/posts"}],"about":[{"href":"http:\/\/www.assoalawimaroc.com\/index.php?rest_route=\/wp\/v2\/types\/post"}],"author":[{"embeddable":true,"href":"http:\/\/www.assoalawimaroc.com\/index.php?rest_route=\/wp\/v2\/users\/2"}],"replies":[{"embeddable":true,"href":"http:\/\/www.assoalawimaroc.com\/index.php?rest_route=%2Fwp%2Fv2%2Fcomments&post=4299"}],"version-history":[{"count":5,"href":"http:\/\/www.assoalawimaroc.com\/index.php?rest_route=\/wp\/v2\/posts\/4299\/revisions"}],"predecessor-version":[{"id":4306,"href":"http:\/\/www.assoalawimaroc.com\/index.php?rest_route=\/wp\/v2\/posts\/4299\/revisions\/4306"}],"wp:attachment":[{"href":"http:\/\/www.assoalawimaroc.com\/index.php?rest_route=%2Fwp%2Fv2%2Fmedia&parent=4299"}],"wp:term":[{"taxonomy":"category","embeddable":true,"href":"http:\/\/www.assoalawimaroc.com\/index.php?rest_route=%2Fwp%2Fv2%2Fcategories&post=4299"},{"taxonomy":"post_tag","embeddable":true,"href":"http:\/\/www.assoalawimaroc.com\/index.php?rest_route=%2Fwp%2Fv2%2Ftags&post=4299"}],"curies":[{"name":"wp","href":"https:\/\/api.w.org\/{rel}","templated":true}]}}