{"id":35,"date":"2010-05-06T20:28:00","date_gmt":"2010-05-06T17:28:00","guid":{"rendered":""},"modified":"2017-08-04T18:17:58","modified_gmt":"2017-08-04T15:17:58","slug":"belkacem-boutayeb","status":"publish","type":"post","link":"http:\/\/www.assoalawimaroc.com\/?p=35","title":{"rendered":"Belkacem BOUTAYEB"},"content":{"rendered":"<p>&nbsp;<\/p>\n<p style=\"text-align: left;\">Belkacem BOUTAYEB<\/p>\n<p style=\"text-align: left;\">D\u00e9l\u00e9gu\u00e9 aux Relations Internationales<\/p>\n<p style=\"text-align: left;\">Association Marocaine Cheikh Al Alawi<\/p>\n<p style=\"text-align: left;\">pour la renaissance du Patrimoine Soufi<\/p>\n<p style=\"text-align: left;\">Mes chers amis,<\/p>\n<p style=\"text-align: left;\">Je voulais partager avec vous ce v\u00e9cu exceptionnel en esp\u00e9rant avoir<\/p>\n<p style=\"text-align: left;\">en retour vos appr\u00e9ciations et commentaires&#8230;<\/p>\n<p style=\"text-align: left;\">Bonnes Vacances &#8230;..<\/p>\n<p style=\"text-align: left;\">________________________________________<\/p>\n<p style=\"text-align: left;\">Les Fokaras du Soufisme en conclave \u00e0 Mostaganem pour le Centenaire<\/p>\n<p style=\"text-align: left;\">de la Tariqa Al Alawiyya Darkawiyya Shadhilyaa.<\/p>\n<p style=\"text-align: left;\">Ch\u00e9res amies et chers amis<\/p>\n<p style=\"text-align: left;\">Avec plus de 320 Marocains , Hommes , Femmes et enfants,<\/p>\n<p style=\"text-align: left;\">Fokaras,disciples, adeptes, sympathisants, universitaires, experts&#8230;<\/p>\n<p style=\"text-align: left;\">nous sommes all\u00e9s retrouver nos fr\u00e9res Alg\u00e9riens \u00e0 Mostaganem, pour<\/p>\n<p style=\"text-align: left;\">f\u00e9ter, avec eux et avec d&#8217; autres citoyens du monde, venus de tous les<\/p>\n<p style=\"text-align: left;\">continents, 3800 au total,presque 5000 avanceront certains,<\/p>\n<p style=\"text-align: left;\">le Centenaire de la Tariqa Al Alawiyya Darkawiyya Shadhiliyya.<\/p>\n<p style=\"text-align: left;\">Beaucoup d&#8217; entre nous d\u00e9couvraient l&#8217; Alg\u00e9rie pour la premi\u00e9re fois&#8230;<\/p>\n<p style=\"text-align: left;\">Visitaient la Zawya Al Alawiyya pour la premi\u00e9re fois&#8230;<\/p>\n<p style=\"text-align: left;\">Embrassaient Sidi Khaled BENTOUNES, le Guide de la Tariqa pour la premi\u00e9re fois&#8230;<\/p>\n<p style=\"text-align: left;\">Sur tous les plans et toutes les dimensions , c&#8217; \u00e9tait une premi\u00e9re de plusieurs<\/p>\n<p style=\"text-align: left;\">premi\u00e9res, dans le Savoir, l&#8217; Humilit\u00e9, l&#8217; Amour, le Partage, la G\u00e9n\u00e9rosit\u00e9,<\/p>\n<p style=\"text-align: left;\">l&#8217; Altruisme, la Fraternit\u00e9 , dans la Pr\u00e9sence d&#8217; ALLAH et de son Proph\u00e9te<\/p>\n<p style=\"text-align: left;\">Sidna MOHAMED&#8230;<\/p>\n<p style=\"text-align: left;\">La Palestine, l&#8217; Iraq, l&#8217; Egypte, la Tunisie, la Jordanie<\/p>\n<p style=\"text-align: left;\">Le Japon, la Turquie, l&#8217; Iran, l&#8217; Indon\u00e9sie<\/p>\n<p style=\"text-align: left;\">L&#8217; Ile de la R\u00e9union, la Suisse, la France, les Pays Bas, la Belgique,<\/p>\n<p style=\"text-align: left;\">L&#8217; Espagne, l&#8217; Allemagne , les U S A, le Canada&#8230;<\/p>\n<p style=\"text-align: left;\">Le Maroc avec plus de 320 d\u00e9l\u00e9gu\u00e9s, l&#8217; Alg\u00e9rie cinq fois plus&#8230;<\/p>\n<p style=\"text-align: left;\">Tout au long ce cette semaine de spiritualit\u00e9 soufie, d&#8217; Islam d&#8217;ouverture<\/p>\n<p style=\"text-align: left;\">et d&#8217; Ijtihad, de fraternit\u00e9 universelle,<\/p>\n<p style=\"text-align: left;\">au quotidien , dans l&#8217; enceinte de l&#8217; Universit\u00e9 Emir Abdelkader<\/p>\n<p style=\"text-align: left;\">des conf\u00e9rences th\u00e9matiques de tr\u00e9s haut niveau,<\/p>\n<p style=\"text-align: left;\">des ateliers pro- actifs de r\u00e9flexion et d&#8217; \u00e9changes,<\/p>\n<p style=\"text-align: left;\">des soir\u00e9es de musique sacr\u00e9e s&#8217; inspirant du patrimoine Soufi<\/p>\n<p style=\"text-align: left;\">des villages d&#8217; exposition et de d\u00e9couverte&#8230;<\/p>\n<p style=\"text-align: left;\">et \u00e0 la Vall\u00e9e des Jardins , \u00e0 DEBDABA, \u00e0 la crois\u00e9e du jour et de la nuit, du lever au coucher du soleil&#8230;<\/p>\n<p style=\"text-align: left;\">Pri\u00e9res en commun, repas g\u00e9n\u00e9reux et succulents , service imp\u00e9ccable, soigneusement assur\u00e9 et assum\u00e9<\/p>\n<p style=\"text-align: left;\">par de jeunes Fokarates et Fokaras venus d&#8217; Europe, du Maroc et d&#8217; Alg\u00e9rie, au visage gracieux et au<\/p>\n<p style=\"text-align: left;\">sourire ang\u00e9lique&#8230;<\/p>\n<p style=\"text-align: left;\">Quand l&#8217; intelligence Soufie est nourrie de l&#8217; adoration d&#8217; ALLAH et de<\/p>\n<p style=\"text-align: left;\">l&#8217; amour de son Proph\u00e9te , elle ne peut qu&#8217; exceller dans l&#8217; altruisme,<\/p>\n<p style=\"text-align: left;\">dans le vouloir aider et aimer l&#8217; autre, quel qu&#8217; il soit&#8230;<\/p>\n<p style=\"text-align: left;\">La soir\u00e9e Marocaine du lundi 27 juillet \u00e9tait fastueuse et majestueuse :<\/p>\n<p style=\"text-align: left;\">D\u00e9fil\u00e9 de mode traditionnelle, magnifique prestation de l&#8217; orchestre de<\/p>\n<p style=\"text-align: left;\">l&#8217; Association Marocaine Cheikh ALAWI pour la renaissance du Patrimoine<\/p>\n<p style=\"text-align: left;\">Soufi, longuement applaudie par les 15 000 spectateurs du stade&#8230;<\/p>\n<p style=\"text-align: left;\">Le Consul G\u00e9n\u00e9ral du Maroc \u00e0 Oran, repr\u00e9sentant S.E. l&#8217; Ambassadeur,<\/p>\n<p style=\"text-align: left;\">absent pour des raisons majeures, accompagn\u00e9 par le Pr\u00e9sident de<\/p>\n<p style=\"text-align: left;\">l&#8217; Association Marocaine et le D\u00e9l\u00e9gu\u00e9 aux Relations Internationales<\/p>\n<p style=\"text-align: left;\">a \u00e9t\u00e9 re\u00e7u par le Guide de la Tariqa, sidi Khaled BENTOUNES, au si\u00e9ge<\/p>\n<p style=\"text-align: left;\">de la Zawiyya, audience empreinte de ferveur spirituelle et fraternelle,<\/p>\n<p style=\"text-align: left;\">confirmant, si besoin \u00e9tait, la solidit\u00e9 et la sacralit\u00e9 des relations ancestrales<\/p>\n<p style=\"text-align: left;\">entre les Fokaras des deux pays, et priant pour l&#8217; alliance des coeurs, des<\/p>\n<p style=\"text-align: left;\">esprits et des intelligences de 2 peuples qui ont toujours constitu\u00e9 un seul<\/p>\n<p style=\"text-align: left;\">ensemble , au del\u00e0 des fronti\u00e9res et des espaces, au del\u00e0 des al\u00e9as et<\/p>\n<p style=\"text-align: left;\">obstacles conjoncturels ais\u00e9ment maitrisables , avec la volont\u00e9 divine et<\/p>\n<p style=\"text-align: left;\">la bonne foi commune et sinc\u00e9re.<\/p>\n<p style=\"text-align: left;\">Le Marocain d&#8217; essence et l&#8217; Alg\u00e9rien de naissance que je me plais \u00e0 \u00e9tre,<\/p>\n<p style=\"text-align: left;\">s&#8217; est vu confier la lourde et noble mission de s&#8217; adresser au<\/p>\n<p style=\"text-align: left;\">coeur et \u00e0 la raison de celles et ceux qui assistaient \u00e0 cette soir\u00e9e Marocaine,<\/p>\n<p style=\"text-align: left;\">toutes nationalit\u00e9s confondues , mais plus particuli\u00e9rement aux Alg\u00e9ro-Marocains<\/p>\n<p style=\"text-align: left;\">et aux Maroco- Alg\u00e9riens, de l&#8217; Oranie Alg\u00e9rienne et de l&#8217; Oriental Marocain , \u00e0<\/p>\n<p style=\"text-align: left;\">l&#8217; accent confondu et commun, pour rappeler les circonstances et les conditions<\/p>\n<p style=\"text-align: left;\">particuli\u00e9res de voyage , expliquant l&#8217; engouement fraternel de la pr\u00e9sence<\/p>\n<p style=\"text-align: left;\">Marocaine \u00e0 Mostaganem , si chaleureusement applaudie en douce bienvenue :<\/p>\n<p style=\"text-align: left;\">&#8221; Avec des fronti\u00e9res terrestres ferm\u00e9es, et des gr\u00e9ves de navigation a\u00e9riennes inattendues<\/p>\n<p style=\"text-align: left;\">nous avons tenu \u00e0 nous retrouver \u00e0 l&#8217; a\u00e9roport d&#8217; Oujda- angad dans la nuit de samedi \u00e0 dimanche ,<\/p>\n<p style=\"text-align: left;\">arrivant par autocar de Taourirt, Al Huceima, Nador, Tetuan, Tanger, en compagnie<\/p>\n<p style=\"text-align: left;\">de fr\u00e9res venus du S\u00e9n\u00e9gal et d&#8217; Indon\u00e9sie, pour prendre 2 avions affr\u00e9t\u00e9s par Air Alg\u00e9rie ,<\/p>\n<p style=\"text-align: left;\">effectuant un vol &#8221; Clin d&#8217; Oeil&#8217; de 20 minutes \u00e0 peine , humant et appr\u00e9ciant chaque seconde ,<\/p>\n<p style=\"text-align: left;\">1200 fois \u00e0 l&#8217; aller et autant au retour&#8230;.<\/p>\n<p style=\"text-align: left;\">&#8220;Au del\u00e0 des fronti\u00e9res semi ouvertes ou semi ferm\u00e9es , le Ciel Alg\u00e9ro- Marocain<\/p>\n<p style=\"text-align: left;\">n&#8217; aura jamais \u00e9t\u00e9 aussi bleu de clart\u00e9, vert d&#8217; espoir et blanc d&#8217; amour vrai,<\/p>\n<p style=\"text-align: left;\">profond, sinc\u00e9re entre deux peuples au coeur ouvert , qui n&#8217; auront cesse de s&#8217; aimer, se respecter,<\/p>\n<p style=\"text-align: left;\">se rapprocher et s&#8217; entraider&#8230;&#8221;<\/p>\n<p style=\"text-align: left;\">&#8221; Pensons \u00e0 nos parents disparus, qui se sont sacrifi\u00e9s pour que l&#8217;Alg\u00e9rie et le Maroc<\/p>\n<p style=\"text-align: left;\">soient libres et ind\u00e9pendants, unis et solidaires&#8230;<\/p>\n<p style=\"text-align: left;\">&#8220;&#8221; Pensons \u00e0 nos m\u00e9res , je pense \u00e0 la mienne, Lalla Maghnia qui m&#8217; a appris \u00e0 aimer<\/p>\n<p style=\"text-align: left;\">l&#8217; Alg\u00e9rie et le Maroc \u00e0 \u00e9galit\u00e9 &#8230;.<\/p>\n<p style=\"text-align: left;\">&#8221; Au nom de la d\u00e9l\u00e9gation Marocaine , et au nom de tous les participants, je pr\u00e9sente<\/p>\n<p style=\"text-align: left;\">nos sinc\u00e9res condol\u00e9ances \u00e0 Son Excellence le Pr\u00e9sident BOUTEFLIKA, qui a honor\u00e9<\/p>\n<p style=\"text-align: left;\">de son haut patronage la c\u00e9l\u00e9bration du Centenaire, pour le d\u00e9c\u00e9s de sa ch\u00e9re M\u00e9re,<\/p>\n<p style=\"text-align: left;\">disparue un 5 Juillet, date anniversaire de l&#8217; ind\u00e9pendance de l&#8217; Alg\u00e9rie combattante&#8230;&#8221;<\/p>\n<p style=\"text-align: left;\">&#8220;A tous les jeunes Alg\u00e9riens pr\u00e9sents, \u00e0 toutes les mamans, aux enfants, \u00e0 nos hotes de Mostaganem,<\/p>\n<p style=\"text-align: left;\">\u00e0 nos soeurs, \u00e0 nos fr\u00e9res, notre respect, notre amour et nos voeux pour<\/p>\n<p style=\"text-align: left;\">cette Alg\u00e9rie fi\u00e9re et combattante, en paix, en s\u00e9r\u00e9nit\u00e9 et en prosp\u00e9rit\u00e9 maghr\u00e9bine.&#8221;<\/p>\n<p style=\"text-align: left;\">&#8220;Que vivent l&#8217; Alg\u00e9rie et le Maroc unis , forts et embellis, \u00e0 l&#8217; image de nos deux<\/p>\n<p style=\"text-align: left;\">drapeaux , cote \u00e0 cote, resplendissants d&#8217; avantage dans le reflet \u00e9clatant<\/p>\n<p style=\"text-align: left;\">des couleurs, dans le souvenir de cette belle c\u00e9r\u00e9monie de passage de la &#8220;Flamme de l&#8217; Espoir&#8221;,<\/p>\n<p style=\"text-align: left;\">Absents de notre pays , le Maroc, en ce matin du 30 Juillet, nous avons, au sein<\/p>\n<p style=\"text-align: left;\">du &#8221; Village Marocain&#8221; , dans l&#8217; enceinte de l&#8217; Universit\u00e9 de Mostaganem, salu\u00e9 le<\/p>\n<p style=\"text-align: left;\">drapeau Marocain et avons \u00e9t\u00e9s gratifi\u00e9s des pri\u00e9res de Cheikh Sidi Khaled BENTOUNES<\/p>\n<p style=\"text-align: left;\">pour la sant\u00e9 de SA MAJESTE LE ROI MOHAMED VI et le bien \u00e9tre du Peuple Marocain.<\/p>\n<p style=\"text-align: left;\">Tout au long de ces 6 jours- rappelons nous qu&#8217; ALLAH a consacr\u00e9 la m\u00e9me p\u00e9riode<\/p>\n<p style=\"text-align: left;\">pour cr\u00e9er le monde.-..<\/p>\n<p style=\"text-align: left;\">nous avons v\u00e9cu des \u00e9motions fortes, intenses, riches, merveilleuses&#8230;<\/p>\n<p style=\"text-align: left;\">assist\u00e9 \u00e0 des fian\u00e7ailles non programm\u00e9es, une conversion \u00e0 l&#8217; Islam inn\u00e9e, et \u00e0 la<\/p>\n<p style=\"text-align: left;\">c\u00e9l\u00e9bration de l&#8217; anniversaire d&#8217; un pr\u00e9tre , sur fond de chants religieux soufis,<\/p>\n<p style=\"text-align: left;\">interpr\u00e9t\u00e9s par de jeunes Fokaras venus d&#8217; Europe&#8230;<\/p>\n<p style=\"text-align: left;\">Le comble du bonheur et de l&#8217; \u00e9motion aura \u00e9t\u00e9 le rassemblement de boites contenant<\/p>\n<p style=\"text-align: left;\">de la terre des diff\u00e9rents sanctuaires, de Palestine, de l&#8217; Iraq, d&#8217; Egypte, de Jordanie,<\/p>\n<p style=\"text-align: left;\">d&#8217; Iran, de Turquie , du Maroc , d&#8217; Alg\u00e9rie..<\/p>\n<p style=\"text-align: left;\">Que nos Saints puissent se retrouver tous ensemble, dans un m\u00e9me espace, reposant en communion<\/p>\n<p style=\"text-align: left;\">et avec la b\u00e9n\u00e9diction divine, afin de briser les chaines de la discordance, de la m\u00e9sentente et des divergences,<\/p>\n<p style=\"text-align: left;\">nourries et aliment\u00e9es par la faiblesse des hommes , de leur vanit\u00e9 et d&#8217; un orgueil mal plac\u00e9 sacrifiant la volont\u00e9<\/p>\n<p style=\"text-align: left;\">des Peuples et faisant fi des sacrifices des anciens , livrant l&#8217; avenir des g\u00e9n\u00e9rations futures aux affres de la<\/p>\n<p style=\"text-align: left;\">mondialisation sauvage et \u00e0 la globalisation sans \u00e0me&#8230;<\/p>\n<p style=\"text-align: left;\">Merci \u00e0 cette Alg\u00e9rie de mon enfance, si g\u00e9n\u00e9reuse dans son humilit\u00e9<\/p>\n<p style=\"text-align: left;\">si f\u00e9conde de soufisme et de spiritualit\u00e9&#8230;<\/p>\n<p style=\"text-align: left;\">Merci \u00e0 Mostaganem et \u00e0 l&#8217; accueil de ses populations<\/p>\n<p style=\"text-align: left;\">Merci \u00e0 AIR ALGERIE d&#8217; avoir assur\u00e9 le tranport Aller\/Retour de &#8221; la Mari\u00e9e Marocaine&#8221; en forte d\u00e9l\u00e9gation.<\/p>\n<p style=\"text-align: left;\">Merci \u00e0 l&#8217; \u00e9quipe de l&#8217; ONDA et de tous les services de police , de sant\u00e9 et de douane<\/p>\n<p style=\"text-align: left;\">de l&#8217; a\u00e9roport d&#8217; Oujda pour leur courtoisie orientale&#8230;<\/p>\n<p style=\"text-align: left;\">Merci \u00e0 tous les services administratifs de police, de douane et de sant\u00e9 de<\/p>\n<p style=\"text-align: left;\">l&#8217; a\u00e9roport d&#8217; Oran pour la diligence et la chaleur de leur accueil&#8230;<\/p>\n<p style=\"text-align: left;\">Merci \u00e0 notre Consul G\u00e9n\u00e9ral du Maroc \u00e0 Oran et \u00e0 toute l&#8217; \u00e9quipe de l&#8217; assistance<\/p>\n<p style=\"text-align: left;\">qui nous a \u00e9t\u00e9 accord\u00e9e&#8230;<\/p>\n<p style=\"text-align: left;\">Merci aux services de l&#8217; Agence Maghreb Arabe Presse d&#8217; avoir couvert nos activit\u00e9s.<\/p>\n<p style=\"text-align: left;\">Merci \u00e0 la Tariqa Al Alawiyya, \u00e0 Cheikh Khaled BENTOUNES , \u00e0 son honorable famille<\/p>\n<p style=\"text-align: left;\">et \u00e0 tous les Fokaras qui nous ont re\u00e7us, servis et combl\u00e9s d&#8217; amour et de<\/p>\n<p style=\"text-align: left;\">tout au long de notre s\u00e9jour inoubliable \u00e0 plus d&#8217; un titre&#8230;<\/p>\n<p style=\"text-align: left;\">et&#8230;rendez vous Inch&#8217; ALLAH en Octobre 2010 \u00e0 notre Congr\u00e9s de GENEVE !<\/p>\n","protected":false},"excerpt":{"rendered":"<p>&nbsp; Belkacem BOUTAYEB D\u00e9l\u00e9gu\u00e9 aux Relations Internationales Association Marocaine Cheikh Al Alawi pour la renaissance du Patrimoine Soufi Mes chers amis, Je voulais partager avec vous ce v\u00e9cu exceptionnel en esp\u00e9rant avoir en retour vos appr\u00e9ciations et commentaires&#8230; Bonnes Vacances &#8230;.. ________________________________________ Les Fokaras du Soufisme en conclave \u00e0 Mostaganem pour le Centenaire de la [&hellip;]<\/p>\n","protected":false},"author":1,"featured_media":2599,"comment_status":"open","ping_status":"open","sticky":false,"template":"","format":"standard","meta":{"footnotes":""},"categories":[85],"tags":[],"views":683,"_links":{"self":[{"href":"http:\/\/www.assoalawimaroc.com\/index.php?rest_route=\/wp\/v2\/posts\/35"}],"collection":[{"href":"http:\/\/www.assoalawimaroc.com\/index.php?rest_route=\/wp\/v2\/posts"}],"about":[{"href":"http:\/\/www.assoalawimaroc.com\/index.php?rest_route=\/wp\/v2\/types\/post"}],"author":[{"embeddable":true,"href":"http:\/\/www.assoalawimaroc.com\/index.php?rest_route=\/wp\/v2\/users\/1"}],"replies":[{"embeddable":true,"href":"http:\/\/www.assoalawimaroc.com\/index.php?rest_route=%2Fwp%2Fv2%2Fcomments&post=35"}],"version-history":[{"count":4,"href":"http:\/\/www.assoalawimaroc.com\/index.php?rest_route=\/wp\/v2\/posts\/35\/revisions"}],"predecessor-version":[{"id":3072,"href":"http:\/\/www.assoalawimaroc.com\/index.php?rest_route=\/wp\/v2\/posts\/35\/revisions\/3072"}],"wp:featuredmedia":[{"embeddable":true,"href":"http:\/\/www.assoalawimaroc.com\/index.php?rest_route=\/wp\/v2\/media\/2599"}],"wp:attachment":[{"href":"http:\/\/www.assoalawimaroc.com\/index.php?rest_route=%2Fwp%2Fv2%2Fmedia&parent=35"}],"wp:term":[{"taxonomy":"category","embeddable":true,"href":"http:\/\/www.assoalawimaroc.com\/index.php?rest_route=%2Fwp%2Fv2%2Fcategories&post=35"},{"taxonomy":"post_tag","embeddable":true,"href":"http:\/\/www.assoalawimaroc.com\/index.php?rest_route=%2Fwp%2Fv2%2Ftags&post=35"}],"curies":[{"name":"wp","href":"https:\/\/api.w.org\/{rel}","templated":true}]}}