{"id":347,"date":"2011-11-16T08:59:00","date_gmt":"2011-11-16T05:59:00","guid":{"rendered":""},"modified":"2017-07-17T19:53:09","modified_gmt":"2017-07-17T16:53:09","slug":"le-6-novembre-jour-de-laid-al-adha-canada","status":"publish","type":"post","link":"http:\/\/www.assoalawimaroc.com\/?p=347","title":{"rendered":"Le 6 Novembre, Jour de l&#8217;A\u00efd al-Adha &#8211; Canada"},"content":{"rendered":"<div align=\"center\">\n<h2><span style=\"color: #0000ff;\"><strong>Le sens du sacrifice<\/strong><\/span><\/h2>\n<\/div>\n<div align=\"center\">\n<p style=\"margin: 0px; padding: 0px 0px 15px; color: #333333; font-family: Arial,Tahoma,Verdana; font-size: 12px; font-style: normal; font-variant: normal; font-weight: normal; letter-spacing: normal; line-height: 18px; orphans: 2; text-indent: 0px; text-transform: none; white-space: normal; widows: 2; word-spacing: 0px; background-color: #ffffff;\" align=\"left\">Le 6 novembre, jour de l\u2019A\u00efd al-Adha, la Maison2lafrique, et sa pr\u00e9sidente Mariam Sy Diawara, accueillaient un cercle de dhikr, en pr\u00e9sence de plusieurs confr\u00e9ries soufies. A cette occasion, cheikh Khaled Bentounes s\u2019est exprim\u00e9 sur le sens du sacrifice.<\/p>\n<div style=\"text-align: center;\"><img decoding=\"async\" loading=\"lazy\" src=\"http:\/\/www.assoalawimaroc.com\/photo\/Canada2011\/Canada-650.jpg\" width=\"650\" height=\"134\" border=\"0\" \/><\/div>\n<\/div>\n<div style=\"text-align: center;\"><\/div>\n<div style=\"text-align: center;\"><object width=\"640\" height=\"480\" classid=\"clsid:d27cdb6e-ae6d-11cf-96b8-444553540000\" codebase=\"http:\/\/download.macromedia.com\/pub\/shockwave\/cabs\/flash\/swflash.cab#version=6,0,40,0\"><param name=\"width\" value=\"640\" \/><param name=\"height\" value=\"480\" \/><param name=\"allowfullscreen\" value=\"true\" \/><param name=\"allowscriptaccess\" value=\"always\" \/><param name=\"src\" value=\"http:\/\/www.youtube-nocookie.com\/v\/QpLs1bks9XE?version=3&amp;hl=fr_FR\" \/><embed type=\"application\/x-shockwave-flash\" width=\"640\" height=\"480\" allowfullscreen=\"allowfullscreen\" allowscriptaccess=\"always\" src=\"http:\/\/www.youtube-nocookie.com\/v\/QpLs1bks9XE?version=3&amp;hl=fr_FR\" \/><\/object><\/div>\n<div><\/div>\n<div align=\"center\"><img decoding=\"async\" loading=\"lazy\" src=\"http:\/\/www.assoalawimaroc.com\/photo\/Canada2011\/Canada-320-2.jpg\" width=\"650\" height=\"320\" border=\"0\" \/><\/div>\n<div align=\"center\"><\/div>\n<div align=\"center\">\u00a0<a href=\"http:\/\/aisa-net.com\/2011\/11\/aisa-canada-sur-les-ondes-de-radio-ville-marie\/\" target=\"_blank\" rel=\"noopener\">http:\/\/aisa-net.com\/2011\/11\/aisa-canada-sur-les-ondes-de-radio-ville-marie\/<\/a><\/div>\n<div align=\"center\"><\/div>\n<div align=\"center\"><\/div>\n<div align=\"center\"><a href=\"http:\/\/www.radio-canada.ca\/nouvelles\/societe\/2011\/11\/10\/002-Entrevue-Barbeau-Bentounes.shtml\" target=\"_blank\" rel=\"noopener\"><img decoding=\"async\" loading=\"lazy\" src=\"http:\/\/www.assoalawimaroc.com\/photo\/Canada2011\/TV-CANADA.jpg\" width=\"650\" height=\"359\" border=\"0\" \/><\/a><\/div>\n<div align=\"center\"><a href=\"http:\/\/www.radio-canada.ca\/nouvelles\/societe\/2011\/11\/10\/002-Entrevue-Barbeau-Bentounes.shtml\" target=\"_blank\" rel=\"noopener\">\u00a0<\/a><\/div>\n<div align=\"center\"><a href=\"http:\/\/www.radio-canada.ca\/nouvelles\/societe\/2011\/11\/10\/002-Entrevue-Barbeau-Bentounes.shtml\" target=\"_blank\" rel=\"noopener\">http:\/\/www.radio-canada.ca\/nouvelles\/societe\/2011\/11\/10\/002-Entrevue-Barbeau-Bentounes.shtml<\/a><\/div>\n<div align=\"center\"><\/div>\n<div align=\"center\"><a href=\"http:\/\/www.radio-canada.ca\/nouvelles\/societe\/2011\/11\/09\/004-entrevue-khaled-bentounes-emir.shtml\" target=\"_blank\" rel=\"noopener\"><img decoding=\"async\" loading=\"lazy\" src=\"http:\/\/www.assoalawimaroc.com\/photo\/Canada2011\/TV-CANADA-2.jpg\" width=\"650\" height=\"360\" border=\"0\" \/><\/a><\/div>\n<p>&nbsp;<\/p>\n<div align=\"center\"><a href=\"http:\/\/www.radio-canada.ca\/nouvelles\/societe\/2011\/11\/09\/004-entrevue-khaled-bentounes-emir.shtml\" target=\"_blank\" rel=\"noopener\">http:\/\/www.radio-canada.ca\/nouvelles\/societe\/2011\/11\/09\/004-entrevue-khaled-<\/a><\/div>\n<div align=\"center\"><a href=\"http:\/\/www.radio-canada.ca\/nouvelles\/societe\/2011\/11\/09\/004-entrevue-khaled-bentounes-emir.shtml\" target=\"_blank\" rel=\"noopener\">bentounes-emir.shtml<\/a><\/div>\n<div align=\"center\"><\/div>\n","protected":false},"excerpt":{"rendered":"<p>Le sens du sacrifice Le 6 novembre, jour de l\u2019A\u00efd al-Adha, la Maison2lafrique, et sa pr\u00e9sidente Mariam Sy Diawara, accueillaient un cercle de dhikr, en pr\u00e9sence de plusieurs confr\u00e9ries soufies. A cette occasion, cheikh Khaled Bentounes s\u2019est exprim\u00e9 sur le sens du sacrifice. \u00a0http:\/\/aisa-net.com\/2011\/11\/aisa-canada-sur-les-ondes-de-radio-ville-marie\/ \u00a0 http:\/\/www.radio-canada.ca\/nouvelles\/societe\/2011\/11\/10\/002-Entrevue-Barbeau-Bentounes.shtml &nbsp; http:\/\/www.radio-canada.ca\/nouvelles\/societe\/2011\/11\/09\/004-entrevue-khaled- bentounes-emir.shtml<\/p>\n","protected":false},"author":1,"featured_media":2397,"comment_status":"open","ping_status":"open","sticky":false,"template":"","format":"standard","meta":{"footnotes":""},"categories":[7],"tags":[],"views":432,"_links":{"self":[{"href":"http:\/\/www.assoalawimaroc.com\/index.php?rest_route=\/wp\/v2\/posts\/347"}],"collection":[{"href":"http:\/\/www.assoalawimaroc.com\/index.php?rest_route=\/wp\/v2\/posts"}],"about":[{"href":"http:\/\/www.assoalawimaroc.com\/index.php?rest_route=\/wp\/v2\/types\/post"}],"author":[{"embeddable":true,"href":"http:\/\/www.assoalawimaroc.com\/index.php?rest_route=\/wp\/v2\/users\/1"}],"replies":[{"embeddable":true,"href":"http:\/\/www.assoalawimaroc.com\/index.php?rest_route=%2Fwp%2Fv2%2Fcomments&post=347"}],"version-history":[{"count":3,"href":"http:\/\/www.assoalawimaroc.com\/index.php?rest_route=\/wp\/v2\/posts\/347\/revisions"}],"predecessor-version":[{"id":2399,"href":"http:\/\/www.assoalawimaroc.com\/index.php?rest_route=\/wp\/v2\/posts\/347\/revisions\/2399"}],"wp:featuredmedia":[{"embeddable":true,"href":"http:\/\/www.assoalawimaroc.com\/index.php?rest_route=\/wp\/v2\/media\/2397"}],"wp:attachment":[{"href":"http:\/\/www.assoalawimaroc.com\/index.php?rest_route=%2Fwp%2Fv2%2Fmedia&parent=347"}],"wp:term":[{"taxonomy":"category","embeddable":true,"href":"http:\/\/www.assoalawimaroc.com\/index.php?rest_route=%2Fwp%2Fv2%2Fcategories&post=347"},{"taxonomy":"post_tag","embeddable":true,"href":"http:\/\/www.assoalawimaroc.com\/index.php?rest_route=%2Fwp%2Fv2%2Ftags&post=347"}],"curies":[{"name":"wp","href":"https:\/\/api.w.org\/{rel}","templated":true}]}}