{"id":2887,"date":"2017-07-28T18:33:45","date_gmt":"2017-07-28T15:33:45","guid":{"rendered":"http:\/\/www.assoalawimaroc.com\/?p=2887"},"modified":"2017-07-28T19:09:31","modified_gmt":"2017-07-28T16:09:31","slug":"2887","status":"publish","type":"post","link":"http:\/\/www.assoalawimaroc.com\/?p=2887","title":{"rendered":"P\u00e9tition en ligne &#8211; Change.org &#8211; Petition online"},"content":{"rendered":"<h4 style=\"text-align: left;\"><strong>Salam \u00e0 Tous<\/strong><\/h4>\n<p><iframe loading=\"lazy\" width=\"1170\" height=\"658\" src=\"https:\/\/www.youtube.com\/embed\/AGUJcreOrZQ?feature=oembed\" frameborder=\"0\" allowfullscreen><\/iframe><\/p>\n<p style=\"text-align: left;\">Partage cette information un maximum avec vos adh\u00e9rents , sympathisants <strong><em>la p\u00e9tition<\/em><\/strong> est enfin en ligne sur le site <strong><em>Change.org<\/em><\/strong><\/p>\n<p style=\"text-align: left;\">Ins\u00e9rez ce lien sur vos sites web respectifs et vos pages Facebook \u2026..<\/p>\n<p style=\"text-align: left;\"><strong>Signons pour que l&#8217;ONU proclame une Journ\u00e9e Internationale du Vivre Ensemble ! #JIVE<\/strong><\/p>\n<p style=\"text-align: left;\"><a href=\"https:\/\/www.change.org\/p\/signons-pour-que-l-onu-proclame-une-journ%C3%A9e-internationale-du-vivre-ensemble\" data-saferedirecturl=\"https:\/\/www.google.com\/url?hl=fr&amp;q=https:\/\/www.change.org\/p\/signons-pour-que-l-onu-proclame-une-journ%25C3%25A9e-internationale-du-vivre-ensemble&amp;source=gmail&amp;ust=1501341207055000&amp;usg=AFQjCNEeXLCvctmU116Qm94OCpjk7OJOVw\">https:\/\/www.change.org\/p\/signons-pour-que-l-onu-proclame-une-journ%C3%A9e-internationale-du-vivre-ensemble<\/a><\/p>\n<p style=\"text-align: left;\">Dear All,<\/p>\n<p style=\"text-align: left;\">Information to share as much as possible with your members, supporters <strong><em>the petition is finally<\/em><\/strong> online at <strong><em>Change.org<\/em><\/strong><\/p>\n<p style=\"text-align: left;\">Insert this link on your website and Facebook pages\u2026..<\/p>\n<p style=\"text-align: left;\"><a href=\"https:\/\/www.change.org\/p\/signons-pour-que-l-onu-proclame-une-journ%C3%A9e-internationale-du-vivre-ensemble\" data-saferedirecturl=\"https:\/\/www.google.com\/url?hl=fr&amp;q=https:\/\/www.change.org\/p\/signons-pour-que-l-onu-proclame-une-journ%25C3%25A9e-internationale-du-vivre-ensemble&amp;source=gmail&amp;ust=1501341207055000&amp;usg=AFQjCNEeXLCvctmU116Qm94OCpjk7OJOVw\">https:\/\/www.change.org\/p\/signons-pour-que-l-onu-proclame-une-journ%C3%A9e-internationale-du-vivre-ensemble<\/a><\/p>\n<h6 style=\"text-align: left;\">Faouzia<\/h6>\n<h6 style=\"text-align: left;\">Vice-Pr\u00e9sidente AISA ONG INTERNATIONALE<\/h6>\n<h6 style=\"text-align: left;\">Communication<br \/>\nM \u00a0 : +32 475 282 208<\/h6>\n<p style=\"text-align: left;\"><img decoding=\"async\" loading=\"lazy\" class=\"alignnone size-full wp-image-2888\" src=\"http:\/\/www.assoalawimaroc.com\/wp-content\/uploads\/2017\/07\/unnamed.png\" alt=\"\" width=\"107\" height=\"168\" \/><\/p>\n","protected":false},"excerpt":{"rendered":"<p>Salam \u00e0 Tous Partage cette information un maximum avec vos adh\u00e9rents , sympathisants la p\u00e9tition est enfin en ligne sur le site Change.org Ins\u00e9rez ce lien sur vos sites web respectifs et vos pages Facebook \u2026.. Signons pour que l&#8217;ONU proclame une Journ\u00e9e Internationale du Vivre Ensemble ! #JIVE https:\/\/www.change.org\/p\/signons-pour-que-l-onu-proclame-une-journ%C3%A9e-internationale-du-vivre-ensemble Dear All, Information to share [&hellip;]<\/p>\n","protected":false},"author":2,"featured_media":2894,"comment_status":"open","ping_status":"open","sticky":false,"template":"","format":"video","meta":{"footnotes":""},"categories":[7],"tags":[],"views":3537,"_links":{"self":[{"href":"http:\/\/www.assoalawimaroc.com\/index.php?rest_route=\/wp\/v2\/posts\/2887"}],"collection":[{"href":"http:\/\/www.assoalawimaroc.com\/index.php?rest_route=\/wp\/v2\/posts"}],"about":[{"href":"http:\/\/www.assoalawimaroc.com\/index.php?rest_route=\/wp\/v2\/types\/post"}],"author":[{"embeddable":true,"href":"http:\/\/www.assoalawimaroc.com\/index.php?rest_route=\/wp\/v2\/users\/2"}],"replies":[{"embeddable":true,"href":"http:\/\/www.assoalawimaroc.com\/index.php?rest_route=%2Fwp%2Fv2%2Fcomments&post=2887"}],"version-history":[{"count":5,"href":"http:\/\/www.assoalawimaroc.com\/index.php?rest_route=\/wp\/v2\/posts\/2887\/revisions"}],"predecessor-version":[{"id":2890,"href":"http:\/\/www.assoalawimaroc.com\/index.php?rest_route=\/wp\/v2\/posts\/2887\/revisions\/2890"}],"wp:featuredmedia":[{"embeddable":true,"href":"http:\/\/www.assoalawimaroc.com\/index.php?rest_route=\/wp\/v2\/media\/2894"}],"wp:attachment":[{"href":"http:\/\/www.assoalawimaroc.com\/index.php?rest_route=%2Fwp%2Fv2%2Fmedia&parent=2887"}],"wp:term":[{"taxonomy":"category","embeddable":true,"href":"http:\/\/www.assoalawimaroc.com\/index.php?rest_route=%2Fwp%2Fv2%2Fcategories&post=2887"},{"taxonomy":"post_tag","embeddable":true,"href":"http:\/\/www.assoalawimaroc.com\/index.php?rest_route=%2Fwp%2Fv2%2Ftags&post=2887"}],"curies":[{"name":"wp","href":"https:\/\/api.w.org\/{rel}","templated":true}]}}