{"id":1826,"date":"2017-07-10T19:12:55","date_gmt":"2017-07-10T16:12:55","guid":{"rendered":"http:\/\/www.assoalawimaroc.com\/?p=1826"},"modified":"2017-07-18T13:29:45","modified_gmt":"2017-07-18T10:29:45","slug":"a-loccasion-du-40-eme-jour-de-hadj-bentabet-mokadem-de-paris","status":"publish","type":"post","link":"http:\/\/www.assoalawimaroc.com\/?p=1826","title":{"rendered":"R\u00e9union Spirituelle \u00e0 l\u2019occasion du 40 \u00e8me jour de la mort de notre ch\u00e8re fr\u00e8re regrett\u00e9 Sidi hadj Bentabet Sahli"},"content":{"rendered":"<div class=\"_1dwg _1w_m\">\n<div class=\"_3x-2\">\n<div class=\"_5r69\">\n<div class=\"mtm\">\n<div class=\"mtm _5pcm\">\n<div class=\"mtm _5pco\" data-ft=\"{&quot;tn&quot;:&quot;K&quot;}\">\n<div class=\"_5wjy\" dir=\"ltr\">\n<p>R\u00e9union Spirituelle \u00e0 l\u2019occasion du 40 \u00e8me jour de la mort de notre ch\u00e8re fr\u00e8re regrett\u00e9 Sidi hadj Bentabet Sahli<br \/>\nBruxelles le 08 Juillet 2017<\/p>\n<p><iframe loading=\"lazy\" width=\"1170\" height=\"658\" src=\"https:\/\/www.youtube.com\/embed\/L7RyDZbqpq4?feature=oembed\" frameborder=\"0\" allowfullscreen><\/iframe><\/p>\n<\/div>\n<\/div>\n<\/div>\n<\/div>\n<\/div>\n<\/div>\n<\/div>\n<div>\n<p><iframe loading=\"lazy\" width=\"1170\" height=\"658\" src=\"https:\/\/www.youtube.com\/embed\/DTycAYmzXtQ?feature=oembed\" frameborder=\"0\" allowfullscreen><\/iframe><\/p>\n<p><iframe loading=\"lazy\" width=\"1170\" height=\"658\" src=\"https:\/\/www.youtube.com\/embed\/racyQognH8E?feature=oembed\" frameborder=\"0\" allowfullscreen><\/iframe><\/p>\n<\/div>\n","protected":false},"excerpt":{"rendered":"<p>R\u00e9union Spirituelle \u00e0 l\u2019occasion du 40 \u00e8me jour de la mort de notre ch\u00e8re fr\u00e8re regrett\u00e9 Sidi hadj Bentabet Sahli Bruxelles le 08 Juillet 2017<\/p>\n","protected":false},"author":2,"featured_media":1833,"comment_status":"open","ping_status":"open","sticky":false,"template":"","format":"video","meta":{"footnotes":""},"categories":[29],"tags":[],"views":543,"_links":{"self":[{"href":"http:\/\/www.assoalawimaroc.com\/index.php?rest_route=\/wp\/v2\/posts\/1826"}],"collection":[{"href":"http:\/\/www.assoalawimaroc.com\/index.php?rest_route=\/wp\/v2\/posts"}],"about":[{"href":"http:\/\/www.assoalawimaroc.com\/index.php?rest_route=\/wp\/v2\/types\/post"}],"author":[{"embeddable":true,"href":"http:\/\/www.assoalawimaroc.com\/index.php?rest_route=\/wp\/v2\/users\/2"}],"replies":[{"embeddable":true,"href":"http:\/\/www.assoalawimaroc.com\/index.php?rest_route=%2Fwp%2Fv2%2Fcomments&post=1826"}],"version-history":[{"count":7,"href":"http:\/\/www.assoalawimaroc.com\/index.php?rest_route=\/wp\/v2\/posts\/1826\/revisions"}],"predecessor-version":[{"id":2420,"href":"http:\/\/www.assoalawimaroc.com\/index.php?rest_route=\/wp\/v2\/posts\/1826\/revisions\/2420"}],"wp:featuredmedia":[{"embeddable":true,"href":"http:\/\/www.assoalawimaroc.com\/index.php?rest_route=\/wp\/v2\/media\/1833"}],"wp:attachment":[{"href":"http:\/\/www.assoalawimaroc.com\/index.php?rest_route=%2Fwp%2Fv2%2Fmedia&parent=1826"}],"wp:term":[{"taxonomy":"category","embeddable":true,"href":"http:\/\/www.assoalawimaroc.com\/index.php?rest_route=%2Fwp%2Fv2%2Fcategories&post=1826"},{"taxonomy":"post_tag","embeddable":true,"href":"http:\/\/www.assoalawimaroc.com\/index.php?rest_route=%2Fwp%2Fv2%2Ftags&post=1826"}],"curies":[{"name":"wp","href":"https:\/\/api.w.org\/{rel}","templated":true}]}}