{"id":18103,"date":"2025-03-01T19:43:39","date_gmt":"2025-03-01T16:43:39","guid":{"rendered":"https:\/\/www.assoalawimaroc.com\/?p=18103"},"modified":"2025-03-01T23:44:07","modified_gmt":"2025-03-01T20:44:07","slug":"reunion-spirituelle-la-chaabanya-relizane-algerie-21-fevrier-2025","status":"publish","type":"post","link":"http:\/\/www.assoalawimaroc.com\/?p=18103","title":{"rendered":"R\u00e9union Spirituelle &#8220;La Cha\u00e2banya&#8221; \u2013 Relizane, Alg\u00e9rie | 21 F\u00e9vrier 2025"},"content":{"rendered":"<p><iframe loading=\"lazy\" title=\"R\u00e9union Spirituelle &quot;La Cha\u00e2banya&quot;  \u2013 Relizane, Alg\u00e9rie | 21 F\u00e9vrier 2025\" width=\"1170\" height=\"658\" src=\"https:\/\/www.youtube.com\/embed\/_ZtKY5kRx6w?feature=oembed\" frameborder=\"0\" allow=\"accelerometer; autoplay; clipboard-write; encrypted-media; gyroscope; picture-in-picture; web-share\" referrerpolicy=\"strict-origin-when-cross-origin\" allowfullscreen><\/iframe><\/p>\n<div id=\"info-container\" class=\"style-scope ytd-watch-info-text\" style=\"text-align: left;\"><span class=\"style-scope yt-formatted-string bold\" dir=\"auto\">Premi\u00e8re en cours. D\u00e9but il y a 9 minutes<\/span><\/div>\n<p style=\"text-align: left;\"><span class=\"yt-core-attributed-string yt-core-attributed-string--white-space-pre-wrap\" dir=\"auto\" role=\"text\">Depuis la ville de Relizane, en Alg\u00e9rie, la Zaouia \u2018Al\u00e2wiyya c\u00e9l\u00e8bre la Cha\u00e2banya en pr\u00e9sence de notre ma\u00eetre, le Cheikh Khaled Bentounes. Cette r\u00e9union spirituelle marque l\u2019approche du mois de <\/span><span class=\"yt-core-attributed-string yt-core-attributed-string--white-space-pre-wrap\" dir=\"auto\" role=\"text\">Ramadan et se d\u00e9roule durant le mois h\u00e9girien de Cha\u00e2bane, qui pr\u00e9c\u00e8de celui du je\u00fbne.<\/span><\/p>\n<p><img decoding=\"async\" loading=\"lazy\" class=\"aligncenter wp-image-18108 size-full\" src=\"http:\/\/www.assoalawimaroc.com\/wp-content\/uploads\/2025\/03\/Sin-titulo-750.jpg\" alt=\"\" width=\"750\" height=\"416\" srcset=\"http:\/\/www.assoalawimaroc.com\/wp-content\/uploads\/2025\/03\/Sin-titulo-750.jpg 750w, http:\/\/www.assoalawimaroc.com\/wp-content\/uploads\/2025\/03\/Sin-titulo-750-300x166.jpg 300w\" sizes=\"(max-width: 750px) 100vw, 750px\" \/><\/p>\n","protected":false},"excerpt":{"rendered":"<p>Premi\u00e8re en cours. D\u00e9but il y a 9 minutes Depuis la ville de Relizane, en Alg\u00e9rie, la Zaouia \u2018Al\u00e2wiyya c\u00e9l\u00e8bre la Cha\u00e2banya en pr\u00e9sence de notre ma\u00eetre, le Cheikh Khaled Bentounes. Cette r\u00e9union spirituelle marque l\u2019approche du mois de Ramadan et se d\u00e9roule durant le mois h\u00e9girien de Cha\u00e2bane, qui pr\u00e9c\u00e8de celui du je\u00fbne.<\/p>\n","protected":false},"author":1,"featured_media":18107,"comment_status":"closed","ping_status":"closed","sticky":false,"template":"","format":"standard","meta":{"footnotes":""},"categories":[29],"tags":[],"views":837,"_links":{"self":[{"href":"http:\/\/www.assoalawimaroc.com\/index.php?rest_route=\/wp\/v2\/posts\/18103"}],"collection":[{"href":"http:\/\/www.assoalawimaroc.com\/index.php?rest_route=\/wp\/v2\/posts"}],"about":[{"href":"http:\/\/www.assoalawimaroc.com\/index.php?rest_route=\/wp\/v2\/types\/post"}],"author":[{"embeddable":true,"href":"http:\/\/www.assoalawimaroc.com\/index.php?rest_route=\/wp\/v2\/users\/1"}],"replies":[{"embeddable":true,"href":"http:\/\/www.assoalawimaroc.com\/index.php?rest_route=%2Fwp%2Fv2%2Fcomments&post=18103"}],"version-history":[{"count":1,"href":"http:\/\/www.assoalawimaroc.com\/index.php?rest_route=\/wp\/v2\/posts\/18103\/revisions"}],"predecessor-version":[{"id":18109,"href":"http:\/\/www.assoalawimaroc.com\/index.php?rest_route=\/wp\/v2\/posts\/18103\/revisions\/18109"}],"wp:featuredmedia":[{"embeddable":true,"href":"http:\/\/www.assoalawimaroc.com\/index.php?rest_route=\/wp\/v2\/media\/18107"}],"wp:attachment":[{"href":"http:\/\/www.assoalawimaroc.com\/index.php?rest_route=%2Fwp%2Fv2%2Fmedia&parent=18103"}],"wp:term":[{"taxonomy":"category","embeddable":true,"href":"http:\/\/www.assoalawimaroc.com\/index.php?rest_route=%2Fwp%2Fv2%2Fcategories&post=18103"},{"taxonomy":"post_tag","embeddable":true,"href":"http:\/\/www.assoalawimaroc.com\/index.php?rest_route=%2Fwp%2Fv2%2Ftags&post=18103"}],"curies":[{"name":"wp","href":"https:\/\/api.w.org\/{rel}","templated":true}]}}