{"id":17584,"date":"2024-05-22T00:01:00","date_gmt":"2024-05-21T21:01:00","guid":{"rendered":"https:\/\/www.assoalawimaroc.com\/?p=17584"},"modified":"2024-05-22T00:06:19","modified_gmt":"2024-05-21T21:06:19","slug":"signez-la-petition-pour-mettre-la-paix-au-coeur-de-leducation","status":"publish","type":"post","link":"http:\/\/www.assoalawimaroc.com\/?p=17584","title":{"rendered":"Signez la p\u00e9tition pour mettre la Paix au c\u0153ur de l&#8217;\u00c9ducation"},"content":{"rendered":"<p><img decoding=\"async\" loading=\"lazy\" class=\"aligncenter wp-image-17585 size-full\" src=\"http:\/\/www.assoalawimaroc.com\/wp-content\/uploads\/2024\/05\/442411848_750952223859296_3472800451814857957_n.jpg\" alt=\"\" width=\"581\" height=\"275\" srcset=\"http:\/\/www.assoalawimaroc.com\/wp-content\/uploads\/2024\/05\/442411848_750952223859296_3472800451814857957_n.jpg 581w, http:\/\/www.assoalawimaroc.com\/wp-content\/uploads\/2024\/05\/442411848_750952223859296_3472800451814857957_n-300x142.jpg 300w\" sizes=\"(max-width: 581px) 100vw, 581px\" \/><\/p>\n<div class=\"x1a8lsjc x1swvt13 x1pi30zi\">\n<div class=\"x1jx94hy x78zum5 x1q0g3np\">\n<div class=\"x78zum5 xdt5ytf xz62fqu x16ldp7u\">\n<div class=\"xu06os2 x1ok221b\">\n<h5 class=\"html-h5 xe8uvvx x11i5rnm xat24cr x1mh8g0r xexx8yu x4uap5 x18d9i69 xkhd6sd x1vvkbs x1heor9g x1qlqyl8 x1pd3egz x1a2a7pz x1gslohp x1yc453h\" style=\"text-align: left;\"><span class=\"xt0psk2\"><a class=\"x1i10hfl xjbqb8w x1ejq31n xd10rxx x1sy0etr x17r0tee x972fbf xcfux6l x1qhh985 xm0m39n x9f619 x1ypdohk xt0psk2 xe8uvvx xdj266r x11i5rnm xat24cr x1mh8g0r xexx8yu x4uap5 x18d9i69 xkhd6sd x16tdsg8 x1hl2dhg xggy1nq x1a2a7pz x1sur9pj xkrqix3 xzsf02u x1s688f\" tabindex=\"0\" role=\"link\" href=\"https:\/\/web.facebook.com\/aisa.ong?__cft__[0]=AZWNIXv4Z3ajpENNGmDjNsH6P_pXjQmoSzcVFiYTQlvFAWethgqjW6hqS-CE9BvZgWYkWGY3HWiB0EY6DFPwJCTxBTMc6QEjcm5L8W5dT3dJtdrsIIVRSzmvsAI6vxVQZ93g2LY9kALz69QQrlPpha13B84Vc-sdzn2F3VV4bxfAfiJc9tVkbJA1_59_4Q4Ii5RS8h00n0NOakly1VR3zoIEffUPiPa5QOSzrFETs3RpAA&amp;__tn__=-UC%2CP-y-R\"><strong><span class=\"html-span xdj266r x11i5rnm xat24cr x1mh8g0r xexx8yu x4uap5 x18d9i69 xkhd6sd x1hl2dhg x16tdsg8 x1vvkbs\">AISA ONG Internationale<\/span><\/strong><\/a><\/span><\/h5>\n<\/div>\n<div class=\"xu06os2 x1ok221b\"><span class=\"x193iq5w xeuugli x13faqbe x1vvkbs x1xmvt09 x1lliihq x1s928wv xhkezso x1gmr53x x1cpjm7i x1fgarty x1943h6x x4zkp8e x676frb x1nxh6w3 x1sibtaa xo1l8bm xi81zsa x1yc453h\" dir=\"auto\"><span class=\"html-span xdj266r x11i5rnm xat24cr x1mh8g0r xexx8yu x4uap5 x18d9i69 xkhd6sd x1hl2dhg x16tdsg8 x1vvkbs\"><a href=\"http:\/\/www.assoalawimaroc.com\/wp-content\/uploads\/2024\/05\/327182678_439709858284364_2937593468161231470_n.jpg\"><img decoding=\"async\" loading=\"lazy\" class=\"alignleft wp-image-17592\" src=\"http:\/\/www.assoalawimaroc.com\/wp-content\/uploads\/2024\/05\/327182678_439709858284364_2937593468161231470_n-192x300.jpg\" alt=\"\" width=\"54\" height=\"85\" srcset=\"http:\/\/www.assoalawimaroc.com\/wp-content\/uploads\/2024\/05\/327182678_439709858284364_2937593468161231470_n-192x300.jpg 192w, http:\/\/www.assoalawimaroc.com\/wp-content\/uploads\/2024\/05\/327182678_439709858284364_2937593468161231470_n.jpg 556w\" sizes=\"(max-width: 54px) 100vw, 54px\" \/><\/a><\/span><\/span><\/div>\n<\/div>\n<\/div>\n<\/div>\n<div class=\"html-div xe8uvvx xdj266r x11i5rnm xat24cr x1mh8g0r xexx8yu x4uap5 x18d9i69 xkhd6sd\" dir=\"auto\">\n<div class=\"html-div xe8uvvx xdj266r x11i5rnm xat24cr x1mh8g0r xexx8yu x4uap5 x18d9i69 xkhd6sd\" dir=\"auto\">\n<div class=\"x1iorvi4 x1pi30zi x1l90r2v x1swvt13\" data-ad-comet-preview=\"message\" data-ad-preview=\"message\">\n<div class=\"x78zum5 xdt5ytf xz62fqu x16ldp7u\">\n<div class=\"xu06os2 x1ok221b\">\n<div class=\"xdj266r x11i5rnm xat24cr x1mh8g0r x1vvkbs x126k92a\">\n<h4 dir=\"auto\" style=\"text-align: left;\">Signez la p\u00e9tition pour mettre la Paix au c\u0153ur de l&#8217;\u00c9ducation !<\/h4>\n<\/div>\n<div dir=\"auto\" style=\"text-align: left;\">Elabor\u00e9e lors du colloque au Palais des Nations \u00e0 Gen\u00e8ve \u00e0 l&#8217;occasion de la 7\u00e8me \u00e9dition de la Journ\u00e9e Internationale du Vivre Ensemble en Paix, la D\u00e9claration de Gen\u00e8ve permet de rassembler toutes celles et ceux qui s&#8217;engagent pour la promotion de l&#8217;Education \u00e0 la Culture de Paix dans les programmes scolaires.<\/div>\n<div dir=\"auto\" style=\"text-align: left;\">N&#8217;h\u00e9sitez pas \u00e0 partager cette p\u00e9tition !<\/div>\n<div dir=\"auto\" style=\"text-align: left;\">Merci pour votre contribution.<\/div>\n<div class=\"x11i5rnm xat24cr x1mh8g0r x1vvkbs xtlvy1s x126k92a\">\n<h4 dir=\"auto\" style=\"text-align: left;\">Je signe la p\u00e9tition : <span class=\"html-span xdj266r x11i5rnm xat24cr x1mh8g0r xexx8yu x4uap5 x18d9i69 xkhd6sd x1hl2dhg x16tdsg8 x1vvkbs\"><a class=\"x1i10hfl xjbqb8w x1ejq31n xd10rxx x1sy0etr x17r0tee x972fbf xcfux6l x1qhh985 xm0m39n x9f619 x1ypdohk xt0psk2 xe8uvvx xdj266r x11i5rnm xat24cr x1mh8g0r xexx8yu x4uap5 x18d9i69 xkhd6sd x16tdsg8 x1hl2dhg xggy1nq x1a2a7pz x1sur9pj xkrqix3 x1fey0fg\" tabindex=\"0\" role=\"link\" href=\"http:\/\/chng.it\/S4sz8TNjKV?fbclid=IwZXh0bgNhZW0CMTAAAR3fu-82RnEYg1W0229K_kZnyOHaWW1Kjk6q_0HANXJ2ZaC_ZNF3J76FIlI_aem_AXYUQqlRy2AVuov-g2TEg6IT0ZIjtIsvNoZZczsJbgBXoklGksejg1TOZlawwTIlpxNAWehTOnz7M1GhXIgh6S0A\" target=\"_blank\" rel=\"nofollow noopener\">chng.it\/S4sz8TNjKV<\/a><\/span><\/h4>\n<\/div>\n<\/div>\n<\/div>\n<\/div>\n<\/div>\n<\/div>\n","protected":false},"excerpt":{"rendered":"<p>AISA ONG Internationale Signez la p\u00e9tition pour mettre la Paix au c\u0153ur de l&#8217;\u00c9ducation ! Elabor\u00e9e lors du colloque au Palais des Nations \u00e0 Gen\u00e8ve \u00e0 l&#8217;occasion de la 7\u00e8me \u00e9dition de la Journ\u00e9e Internationale du Vivre Ensemble en Paix, la D\u00e9claration de Gen\u00e8ve permet de rassembler toutes celles et ceux qui s&#8217;engagent pour la [&hellip;]<\/p>\n","protected":false},"author":1,"featured_media":17585,"comment_status":"closed","ping_status":"closed","sticky":false,"template":"","format":"standard","meta":{"footnotes":""},"categories":[7],"tags":[],"views":959,"_links":{"self":[{"href":"http:\/\/www.assoalawimaroc.com\/index.php?rest_route=\/wp\/v2\/posts\/17584"}],"collection":[{"href":"http:\/\/www.assoalawimaroc.com\/index.php?rest_route=\/wp\/v2\/posts"}],"about":[{"href":"http:\/\/www.assoalawimaroc.com\/index.php?rest_route=\/wp\/v2\/types\/post"}],"author":[{"embeddable":true,"href":"http:\/\/www.assoalawimaroc.com\/index.php?rest_route=\/wp\/v2\/users\/1"}],"replies":[{"embeddable":true,"href":"http:\/\/www.assoalawimaroc.com\/index.php?rest_route=%2Fwp%2Fv2%2Fcomments&post=17584"}],"version-history":[{"count":6,"href":"http:\/\/www.assoalawimaroc.com\/index.php?rest_route=\/wp\/v2\/posts\/17584\/revisions"}],"predecessor-version":[{"id":17598,"href":"http:\/\/www.assoalawimaroc.com\/index.php?rest_route=\/wp\/v2\/posts\/17584\/revisions\/17598"}],"wp:featuredmedia":[{"embeddable":true,"href":"http:\/\/www.assoalawimaroc.com\/index.php?rest_route=\/wp\/v2\/media\/17585"}],"wp:attachment":[{"href":"http:\/\/www.assoalawimaroc.com\/index.php?rest_route=%2Fwp%2Fv2%2Fmedia&parent=17584"}],"wp:term":[{"taxonomy":"category","embeddable":true,"href":"http:\/\/www.assoalawimaroc.com\/index.php?rest_route=%2Fwp%2Fv2%2Fcategories&post=17584"},{"taxonomy":"post_tag","embeddable":true,"href":"http:\/\/www.assoalawimaroc.com\/index.php?rest_route=%2Fwp%2Fv2%2Ftags&post=17584"}],"curies":[{"name":"wp","href":"https:\/\/api.w.org\/{rel}","templated":true}]}}