{"id":17462,"date":"2025-02-23T22:07:27","date_gmt":"2025-02-23T19:07:27","guid":{"rendered":"https:\/\/www.assoalawimaroc.com\/?p=17462"},"modified":"2025-02-24T01:18:02","modified_gmt":"2025-02-23T22:18:02","slug":"les-enjeux-du-vivre-ensemble-en-paix-a-la-lumiere-des-multi-crises-actuelles","status":"publish","type":"post","link":"http:\/\/www.assoalawimaroc.com\/?p=17462","title":{"rendered":"Les enjeux du Vivre Ensemble en Paix \u00e0 la lumi\u00e8re des multi-crises actuelles"},"content":{"rendered":"<p><iframe loading=\"lazy\" title=\"Les enjeux du Vivre Ensemble en Paix \u00e0 la lumi\u00e8re des multi-crises actuelles\" width=\"1170\" height=\"658\" src=\"https:\/\/www.youtube.com\/embed\/ZH674j43FQo?start=62&#038;feature=oembed\" frameborder=\"0\" allow=\"accelerometer; autoplay; clipboard-write; encrypted-media; gyroscope; picture-in-picture; web-share\" referrerpolicy=\"strict-origin-when-cross-origin\" allowfullscreen><\/iframe><\/p>\n<h1 class=\"style-scope ytd-watch-metadata\" style=\"text-align: left;\">Les enjeux du Vivre Ensemble en Paix \u00e0 la lumi\u00e8re des multi-crises actuelles<\/h1>\n<div id=\"info-container\" class=\"style-scope ytd-watch-info-text\">\n<div id=\"info-container\" class=\"style-scope ytd-watch-info-text\">\n<div id=\"date-text\" class=\"style-scope ytd-watch-info-text\" aria-label=\"\"><\/div>\n<\/div>\n<div id=\"top-row\" class=\"style-scope ytd-watch-metadata\">\n<div id=\"owner\" class=\"item style-scope ytd-watch-metadata\">\n<p><a class=\"yt-simple-endpoint style-scope ytd-video-owner-renderer\" tabindex=\"-1\" href=\"https:\/\/www.youtube.com\/@webjamaa\"><img decoding=\"async\" id=\"img\" class=\"style-scope yt-img-shadow alignnone\" draggable=\"false\" src=\"https:\/\/yt3.ggpht.com\/ytc\/AIdro_n9GiBifMxGQMda34-on_wdKcNUH5ZLdwtJP2Y-uoWAgQ=s88-c-k-c0x00ffffff-no-rj\" alt=\"\" width=\"40\" \/><\/a><\/p>\n<div id=\"upload-info\" class=\"style-scope ytd-video-owner-renderer\" style=\"text-align: left;\">\n<div id=\"container\" class=\"style-scope ytd-channel-name\">\n<div id=\"text-container\" class=\"style-scope ytd-channel-name\"><a class=\"yt-simple-endpoint style-scope yt-formatted-string\" spellcheck=\"false\" href=\"https:\/\/www.youtube.com\/@webjamaa\">webjamaa<\/a><\/div>\n<\/div>\n<\/div>\n<\/div>\n<div id=\"actions\" class=\"item style-scope ytd-watch-metadata\" style=\"text-align: left;\">\n<div id=\"actions-inner\" class=\"style-scope ytd-watch-metadata\">\n<div id=\"menu\" class=\"style-scope ytd-watch-metadata\">\n<div class=\"yt-spec-touch-feedback-shape yt-spec-touch-feedback-shape--touch-response\" aria-hidden=\"true\">\n<div class=\"yt-spec-touch-feedback-shape__fill\"><\/div>\n<\/div>\n<\/div>\n<\/div>\n<\/div>\n<\/div>\n<div id=\"bottom-row\" class=\"style-scope ytd-watch-metadata\" style=\"text-align: left;\">\n<div id=\"description\" class=\"item style-scope ytd-watch-metadata\">\n<div id=\"description-inner\" class=\"style-scope ytd-watch-metadata\">\n<div id=\"info-container\" class=\"style-scope ytd-watch-info-text\"><span class=\"style-scope yt-formatted-string bold\" dir=\"auto\">1\u202f822\u00a0vues<\/span> <span class=\"style-scope yt-formatted-string bold\" dir=\"auto\">Sortie le 15 d\u00e9c. 2023<\/span><\/div>\n<p><span class=\"yt-core-attributed-string yt-core-attributed-string--white-space-pre-wrap\" role=\"text\"><span class=\"yt-core-attributed-string--link-inherit-color\">Interview du cheikh Khaled Bentounes : les enjeux du Vivre Ensemble en Paix \u00e0 la lumi\u00e8re des multi-crises actuelles Nous sommes aujourd\u2019hui le 8 d\u00e9cembre 2023, une date qui ne doit rien au hasard\u2026 C\u2019est en effet \u00e0 cette m\u00eame date, il y a 6 ans, le 8 d\u00e9cembre 2017, que la Journ\u00e9e Internationale du Vivre Ensemble en Paix a \u00e9t\u00e9 adopt\u00e9e \u00e0 l&#8217;unanimit\u00e9 par les 193 Etats Membres de l\u2019Assembl\u00e9e G\u00e9n\u00e9rale des Nations Unies. Six ans plus tard, o\u00f9 en sommes-nous aujourd&#8217;hui ? Quel choix de soci\u00e9t\u00e9 voulons-nous pour demain, nos enfants, nos proches et les g\u00e9n\u00e9rations futures ? Quelle est la place et la contribution de chacun dans la co-construction de ce mod\u00e8le soci\u00e9tal ? Pour tenter d&#8217;y r\u00e9pondre, nous avons eu le privil\u00e8ge d&#8217;interviewer l&#8217;initiateur de cette journ\u00e9e internationale, le Cheikh Khaled Bentounes, qui nous a partag\u00e9 ses r\u00e9flexions sur les enjeux et d\u00e9fis port\u00e9s par la Journ\u00e9e Internationale du Vivre Ensemble en Paix \u00e0 la lumi\u00e8re des multi-crises qui secouent s\u00e9v\u00e8rement notre humanit\u00e9 aujourd&#8217;hui. Tel un corps malade, dont les maux manifestent un besoin criant d&#8217;\u00e9coute, ces multi-crises ont, elles aussi, leurs messages \u00e0 nous r\u00e9v\u00e9ler. Pour \u00e9couter l&#8217;int\u00e9gralit\u00e9 de cet interview, nous vous donnons RDV le 15 d\u00e9cembre 2023 \u00e0 21h00 sur la chaine Youtube Webjamaa.<\/span><\/span><\/p>\n<\/div>\n<\/div>\n<\/div>\n<\/div>\n","protected":false},"excerpt":{"rendered":"<p>Les enjeux du Vivre Ensemble en Paix \u00e0 la lumi\u00e8re des multi-crises actuelles webjamaa 1\u202f822\u00a0vues Sortie le 15 d\u00e9c. 2023 Interview du cheikh Khaled Bentounes : les enjeux du Vivre Ensemble en Paix \u00e0 la lumi\u00e8re des multi-crises actuelles Nous sommes aujourd\u2019hui le 8 d\u00e9cembre 2023, une date qui ne doit rien au hasard\u2026 C\u2019est [&hellip;]<\/p>\n","protected":false},"author":1,"featured_media":17464,"comment_status":"closed","ping_status":"closed","sticky":false,"template":"","format":"standard","meta":{"footnotes":""},"categories":[7],"tags":[],"views":847,"_links":{"self":[{"href":"http:\/\/www.assoalawimaroc.com\/index.php?rest_route=\/wp\/v2\/posts\/17462"}],"collection":[{"href":"http:\/\/www.assoalawimaroc.com\/index.php?rest_route=\/wp\/v2\/posts"}],"about":[{"href":"http:\/\/www.assoalawimaroc.com\/index.php?rest_route=\/wp\/v2\/types\/post"}],"author":[{"embeddable":true,"href":"http:\/\/www.assoalawimaroc.com\/index.php?rest_route=\/wp\/v2\/users\/1"}],"replies":[{"embeddable":true,"href":"http:\/\/www.assoalawimaroc.com\/index.php?rest_route=%2Fwp%2Fv2%2Fcomments&post=17462"}],"version-history":[{"count":2,"href":"http:\/\/www.assoalawimaroc.com\/index.php?rest_route=\/wp\/v2\/posts\/17462\/revisions"}],"predecessor-version":[{"id":17465,"href":"http:\/\/www.assoalawimaroc.com\/index.php?rest_route=\/wp\/v2\/posts\/17462\/revisions\/17465"}],"wp:featuredmedia":[{"embeddable":true,"href":"http:\/\/www.assoalawimaroc.com\/index.php?rest_route=\/wp\/v2\/media\/17464"}],"wp:attachment":[{"href":"http:\/\/www.assoalawimaroc.com\/index.php?rest_route=%2Fwp%2Fv2%2Fmedia&parent=17462"}],"wp:term":[{"taxonomy":"category","embeddable":true,"href":"http:\/\/www.assoalawimaroc.com\/index.php?rest_route=%2Fwp%2Fv2%2Fcategories&post=17462"},{"taxonomy":"post_tag","embeddable":true,"href":"http:\/\/www.assoalawimaroc.com\/index.php?rest_route=%2Fwp%2Fv2%2Ftags&post=17462"}],"curies":[{"name":"wp","href":"https:\/\/api.w.org\/{rel}","templated":true}]}}