{"id":15555,"date":"2022-10-26T17:50:02","date_gmt":"2022-10-26T14:50:02","guid":{"rendered":"http:\/\/www.assoalawimaroc.com\/?p=15555"},"modified":"2022-10-28T21:23:47","modified_gmt":"2022-10-28T18:23:47","slug":"%d9%85%d8%a8%d8%a7%d8%b4%d8%b1%d8%a9-%d9%85%d9%86-%d9%85%d9%82%d8%b1-%d9%85%d8%a4%d8%b3%d8%b3%d8%a9-%d8%ac%d9%86%d8%a9-%d8%a7%d9%84%d8%b9%d8%b1%d9%8a%d9%81%d8%8c-%d8%a7%d9%84%d9%85%d8%b1%d9%83%d8%b2","status":"publish","type":"post","link":"http:\/\/www.assoalawimaroc.com\/?p=15555","title":{"rendered":"\u0645\u0628\u0627\u0634\u0631\u0629 \u0645\u0646 \u0645\u0642\u0631 \u0645\u0624\u0633\u0633\u0629 \u062c\u0646\u0629 \u0627\u0644\u0639\u0631\u064a\u0641\u060c \u0627\u0644\u0645\u0631\u0643\u0632 \u0627\u0644\u0645\u062a\u0648\u0633\u0637\u064a \u0644\u0644\u062a\u0646\u0645\u064a\u0629 \u0627\u0644\u0645\u0633\u062a\u062f\u0627\u0645\u0629\u060c \u0641\u064a \u0645\u0633\u062a\u063a\u0627\u0646\u0645 \u0628\u0627\u0644\u062c\u0632\u0627\u0626\u0631"},"content":{"rendered":"<p><iframe loading=\"lazy\" width=\"1170\" height=\"658\" src=\"https:\/\/www.youtube.com\/embed\/ZO2MzVAO9mo?feature=oembed\" frameborder=\"0\" allow=\"accelerometer; autoplay; clipboard-write; encrypted-media; gyroscope; picture-in-picture\" allowfullscreen title=\"7\u00e8me jour Mawlid El-Nabaoui El-Charif\"><\/iframe><\/p>\n<p><img decoding=\"async\" loading=\"lazy\" class=\"aligncenter size-large wp-image-15556\" src=\"http:\/\/www.assoalawimaroc.com\/wp-content\/uploads\/2022\/10\/unnamed-1024x576.jpg\" alt=\"\" width=\"1024\" height=\"576\" srcset=\"http:\/\/www.assoalawimaroc.com\/wp-content\/uploads\/2022\/10\/unnamed-1024x576.jpg 1024w, http:\/\/www.assoalawimaroc.com\/wp-content\/uploads\/2022\/10\/unnamed-300x169.jpg 300w, http:\/\/www.assoalawimaroc.com\/wp-content\/uploads\/2022\/10\/unnamed-768x432.jpg 768w, http:\/\/www.assoalawimaroc.com\/wp-content\/uploads\/2022\/10\/unnamed.jpg 1778w\" sizes=\"(max-width: 1024px) 100vw, 1024px\" \/><\/p>\n<p style=\"text-align: center;\">Partager sur Facebook\u00a0 Partager sur Facebook<\/p>\n<p style=\"text-align: center;\">Transf\u00e9rer cette invitation\u00a0\u00a0\u00a0\u00a0\u00a0\u00a0\u00a0\u00a0\u00a0 Transf\u00e9rer cette invitation<\/p>\n<p style=\"text-align: center;\">Tweet\u00a0\u00a0 Tweet<\/p>\n<p style=\"text-align: center;\">7\u00e8me jour Mawlid El-Nabaoui El-Charif<\/p>\n<p style=\"text-align: center;\">R\u00e9union spirituelle en direct de Mostaganem&#8217;Alger<\/p>\n<p style=\"text-align: center;\">\u00a0Vendredi 28 octobre 2022 &#8211; 17h00 (heure de Paris)<\/p>\n<p style=\"text-align: center;\">Lien pour s&#8217;inscrire : Participer<\/p>\n<p style=\"text-align: center;\">Retrouvez plus d&#8217;informations sur webjamaa.net<\/p>\n<p style=\"text-align: center;\">En direct sur la chaine Youtube webjamaa et sur Facebook<\/p>\n<p>&nbsp;<\/p>\n<p>\u0625\u062e\u0648\u0627\u0646\u0646\u0627 \u0648\u0623\u062e\u0648\u0627\u062a\u0646\u0627 \u0627\u0644\u0623\u0639\u0632\u0627\u0621\u060c<\/p>\n<p>\u0623\u0635\u062f\u0642\u0627\u0621\u0646\u0627 \u0627\u0644\u0623\u0639\u0632\u0627\u0621<\/p>\n<p>\u0625\u0646\u0647 \u0644\u0645\u0646 \u0628\u0627\u0644\u063a \u0627\u0644\u0633\u0631\u0648\u0631 \u0648\u0627\u0644\u0628\u0647\u062c\u0629\u060c \u0648\u0646\u064a\u0627\u0628\u0629 \u0639\u0646 \u062c\u0645\u064a\u0639 \u0623\u0639\u0636\u0627\u0626\u0647\u0627\u060c \u062a\u0631\u062d\u0628 \u0628\u0643\u0645 \u062c\u0645\u0639\u064a\u0629 AISA ONG \u0627\u0644\u0645\u0646\u0638\u0645\u0629 \u0627\u0644\u062f\u0648\u0644\u064a\u0629 \u063a\u064a\u0631<\/p>\n<p>\u0627\u0644\u062d\u0643\u0648\u0645\u064a\u0629 \u0645\u0628\u0627\u0634\u0631\u0629 \u0645\u0646 \u0645\u0642\u0631 \u0645\u0624\u0633\u0633\u0629 \u062c\u0646\u0629 \u0627\u0644\u0639\u0631\u064a\u0641\u060c \u0627\u0644\u0645\u0631\u0643\u0632 \u0627\u0644\u0645\u062a\u0648\u0633\u0637\u064a \u0644\u0644\u062a\u0646\u0645\u064a\u0629 \u0627\u0644\u0645\u0633\u062a\u062f\u0627\u0645\u0629\u060c \u0641\u064a \u0645\u0633\u062a\u063a\u0627\u0646\u0645 \u0628\u0627\u0644\u062c\u0632\u0627\u0626\u0631<\/p>\n<p>\u0644\u0644\u0627\u062d\u062a\u0641\u0627\u0644 \u0645\u0639\u0627 \u0628\u0623\u0633\u0628\u0648\u0639 \u0627\u0644\u0645\u0648\u0644\u062f \u0627\u0644\u0646\u0628\u0648\u064a \u0627\u0644\u0634\u0631\u064a\u0641 \u0648\u0630\u0644\u0643 \u0648\u0641\u0642\u0627 \u0644\u0633\u064f\u0646\u0651\u064e\u0629 \u0627\u0644\u0637\u0631\u064a\u0642\u0629 \u0627\u0644\u0635\u0648\u0641\u064a\u0629 \u0627\u0644\u0639\u0644\u0627\u0648\u064a\u0629.<\/p>\n<p>\u0645\u0648\u0639\u062f\u0646\u0627 \u064a\u0648\u0645 \u0627\u0644\u062c\u0645\u0639\u0629 28 \u0623\u0643\u062a\u0648\u0628\u0631 2022 \u0639\u0644\u0649 \u0627\u0644\u0633\u0627\u0639\u0629<\/p>\n<p>4:00 \u0645\u0633\u0627\u0621\u064b \u0628\u062a\u0648\u0642\u064a\u062a \u0627\u0644\u062c\u0632\u0627\u0626\u0631 \u0648 5:00 \u0628\u062a\u0648\u0642\u064a\u062a \u0623\u0648\u0631\u0648\u0628\u0627.<\/p>\n<p>\u0639\u0644\u0649 \u0645\u0646\u0635\u0629 Zoom<\/p>\n<p>\u062a\u0642\u0628\u0644\u0648\u0627 \u062a\u062d\u064a\u0627\u062a\u0646\u0627 \u0627 \u0644\u0623\u062e\u0648\u064a\u0629<\/p>\n<p style=\"text-align: left;\">Chers fr\u00e8res et s\u0153urs,<\/p>\n<p style=\"text-align: left;\">Cher.e.s ami.e.s,<\/p>\n<p style=\"text-align: left;\">C\u2019est avec un tr\u00e8s grand plaisir, et au nom de tous ses membres, que AISA ONG Internationale vous accueille en direct du si\u00e8ge de la fondation Djanatu al-Arif, Centre M\u00e9diterran\u00e9en du D\u00e9veloppement Durable, \u00e0 Mostaganem en Alg\u00e9rie, afin de c\u00e9l\u00e9brer ensemble, conform\u00e9ment \u00e0 la tradition Soufie Al\u00e2wiyya, le 7\u00e8me jour du Mawlid El-Nabaoui El-Charif.<\/p>\n<p style=\"text-align: left;\">Rendez-vous : vendredi 28 octobre 2022, \u00e0<\/p>\n<p style=\"text-align: left;\">16h00 (Heure d&#8217;Alg\u00e9rie) 17h00 (Heure d\u2019Europe), sur Zoom.<\/p>\n<p style=\"text-align: left;\">Recevez nos fraternelles salutations<\/p>\n<p><iframe loading=\"lazy\" width=\"1170\" height=\"658\" src=\"https:\/\/www.youtube.com\/embed\/wufizPt1Kas?feature=oembed\" frameborder=\"0\" allow=\"accelerometer; autoplay; clipboard-write; encrypted-media; gyroscope; picture-in-picture\" allowfullscreen title=\"R\u00e9union spirituelle \u00e0 Dabdaba, Mostaganem (Alg\u00e9rie)\"><\/iframe><\/p>\n<pre id=\"m_-5655354921185727892m_-366217617442439077gmail-tw-target-text\" dir=\"rtl\"><\/pre>\n","protected":false},"excerpt":{"rendered":"<p>Partager sur Facebook\u00a0 Partager sur Facebook Transf\u00e9rer cette invitation\u00a0\u00a0\u00a0\u00a0\u00a0\u00a0\u00a0\u00a0\u00a0 Transf\u00e9rer cette invitation Tweet\u00a0\u00a0 Tweet 7\u00e8me jour Mawlid El-Nabaoui El-Charif R\u00e9union spirituelle en direct de Mostaganem&#8217;Alger \u00a0Vendredi 28 octobre 2022 &#8211; 17h00 (heure de Paris) Lien pour s&#8217;inscrire : Participer Retrouvez plus d&#8217;informations sur webjamaa.net En direct sur la chaine Youtube webjamaa et sur Facebook &nbsp; [&hellip;]<\/p>\n","protected":false},"author":2,"featured_media":15556,"comment_status":"open","ping_status":"open","sticky":false,"template":"","format":"video","meta":{"footnotes":""},"categories":[29],"tags":[],"views":805,"_links":{"self":[{"href":"http:\/\/www.assoalawimaroc.com\/index.php?rest_route=\/wp\/v2\/posts\/15555"}],"collection":[{"href":"http:\/\/www.assoalawimaroc.com\/index.php?rest_route=\/wp\/v2\/posts"}],"about":[{"href":"http:\/\/www.assoalawimaroc.com\/index.php?rest_route=\/wp\/v2\/types\/post"}],"author":[{"embeddable":true,"href":"http:\/\/www.assoalawimaroc.com\/index.php?rest_route=\/wp\/v2\/users\/2"}],"replies":[{"embeddable":true,"href":"http:\/\/www.assoalawimaroc.com\/index.php?rest_route=%2Fwp%2Fv2%2Fcomments&post=15555"}],"version-history":[{"count":2,"href":"http:\/\/www.assoalawimaroc.com\/index.php?rest_route=\/wp\/v2\/posts\/15555\/revisions"}],"predecessor-version":[{"id":15559,"href":"http:\/\/www.assoalawimaroc.com\/index.php?rest_route=\/wp\/v2\/posts\/15555\/revisions\/15559"}],"wp:featuredmedia":[{"embeddable":true,"href":"http:\/\/www.assoalawimaroc.com\/index.php?rest_route=\/wp\/v2\/media\/15556"}],"wp:attachment":[{"href":"http:\/\/www.assoalawimaroc.com\/index.php?rest_route=%2Fwp%2Fv2%2Fmedia&parent=15555"}],"wp:term":[{"taxonomy":"category","embeddable":true,"href":"http:\/\/www.assoalawimaroc.com\/index.php?rest_route=%2Fwp%2Fv2%2Fcategories&post=15555"},{"taxonomy":"post_tag","embeddable":true,"href":"http:\/\/www.assoalawimaroc.com\/index.php?rest_route=%2Fwp%2Fv2%2Ftags&post=15555"}],"curies":[{"name":"wp","href":"https:\/\/api.w.org\/{rel}","templated":true}]}}