{"id":14994,"date":"2021-03-20T00:41:41","date_gmt":"2021-03-19T21:41:41","guid":{"rendered":"http:\/\/www.assoalawimaroc.com\/?p=14994"},"modified":"2021-12-24T14:49:28","modified_gmt":"2021-12-24T11:49:28","slug":"%d9%8a%d8%b3%d8%b1-%d8%a7%d9%84%d9%85%d9%86%d8%b8%d9%85%d8%a9-%d8%a7%d9%84%d8%af%d9%88%d9%84%d9%8a%d8%a9-%d8%ba%d9%8a%d8%b1-%d8%a7%d9%84%d8%ad%d9%83%d9%88%d9%85%d9%8a%d8%a9-aisa-ong","status":"publish","type":"post","link":"http:\/\/www.assoalawimaroc.com\/?p=14994","title":{"rendered":"\u064a\u0633\u0631\u00a0\u0627\u0644\u0645\u0646\u0638\u0645\u0629 \u0627\u0644\u062f\u0648\u0644\u064a\u0629 \u063a\u064a\u0631 \u0627\u0644\u062d\u0643\u0648\u0645\u064a\u0629\u00a0AISA ONG\u00a0\u0648\u0645\u062f\u064a\u0646\u0629 \u0646\u064a\u0633 \u062f\u0639\u0648\u062a\u0643\u0645 \u0625\u0644\u0649\u00a0\u0627\u0644\u0645\u0647\u0631\u062c\u0627\u0646\u00a0\u0627\u0644\u062b\u0627\u0644\u062b \u0644\u0644\u0645\u0648\u0644\u062f \u0627\u0644\u0646\u0628\u0648\u064a \u0627\u0644\u0634\u0631\u064a\u0641 \u0627\u0644\u0630\u064a \u0633\u064a\u0646\u0639\u0642\u062f \u064a\u0648\u0645 \u0627\u0644\u062e\u0645\u064a\u0633 21 \u0623\u0643\u062a\u0648\u0628\u0631 2021"},"content":{"rendered":"<p><a href=\"https:\/\/web.facebook.com\/watch\/?v=374135021116517&amp;extid=NS-UNK-UNK-UNK-AN_GK0T-GK1C&amp;ref=sharing&amp;_rdc=1&amp;_rdr\" target=\"_blank\" rel=\"noopener\">https:\/\/web.facebook.com\/watch\/?v=374135021116517&amp;extid=NS-UNK-UNK-UNK-AN_GK0T-GK1C&amp;ref=sharing&amp;_rdc=1&amp;_rdr<\/a><\/p>\n<p><iframe loading=\"lazy\" width=\"1170\" height=\"658\" src=\"https:\/\/www.youtube.com\/embed\/Jqyma8M-NPs?feature=oembed\" frameborder=\"0\" allow=\"accelerometer; autoplay; clipboard-write; encrypted-media; gyroscope; picture-in-picture\" allowfullscreen><\/iframe><\/p>\n<p><a href=\"https:\/\/fb.watch\/8RsIj4iO3p\/\">https:\/\/fb.watch\/8RsIj4iO3p\/<\/a><\/p>\n<p><a href=\"https:\/\/www.facebook.com\/aisa.ong\/videos\/1040432116501200\">https:\/\/www.facebook.com\/aisa.ong\/videos\/1040432116501200<\/a><\/p>\n<p>&nbsp;<\/p>\n<p><iframe loading=\"lazy\" width=\"1170\" height=\"658\" src=\"https:\/\/www.youtube.com\/embed\/E-J0oZHpyic?feature=oembed\" frameborder=\"0\" allow=\"accelerometer; autoplay; clipboard-write; encrypted-media; gyroscope; picture-in-picture\" allowfullscreen><\/iframe><\/p>\n<p style=\"text-align: center;\"><img decoding=\"async\" loading=\"lazy\" class=\"aligncenter size-large wp-image-14995\" src=\"http:\/\/www.assoalawimaroc.com\/wp-content\/uploads\/2021\/10\/unnamed-2-1024x576.jpg\" alt=\"\" width=\"1024\" height=\"576\" srcset=\"http:\/\/www.assoalawimaroc.com\/wp-content\/uploads\/2021\/10\/unnamed-2-1024x576.jpg 1024w, http:\/\/www.assoalawimaroc.com\/wp-content\/uploads\/2021\/10\/unnamed-2-300x169.jpg 300w, http:\/\/www.assoalawimaroc.com\/wp-content\/uploads\/2021\/10\/unnamed-2-768x432.jpg 768w, http:\/\/www.assoalawimaroc.com\/wp-content\/uploads\/2021\/10\/unnamed-2.jpg 1280w\" sizes=\"(max-width: 1024px) 100vw, 1024px\" \/><\/p>\n<h1 style=\"text-align: center;\">3\u00e8me Festival du Mawlid<br \/>\nen direct de Nice<\/h1>\n<div style=\"text-align: center;\"><strong>Jeudi 21 octobre 2021<\/strong><\/div>\n<div style=\"text-align: center;\">\n<p>20h00\u00a0(heure de Paris) via Zoom<\/p>\n<p>Lien pour vous inscrire\u00a0:\u00a0<a href=\"https:\/\/webjamaa.us8.list-manage.com\/track\/click?u=762c9e1a33b17ec412a6083f8&amp;id=b62751d9cd&amp;e=9db37cdd6f\" target=\"_blank\" rel=\"noopener\" data-saferedirecturl=\"https:\/\/www.google.com\/url?q=https:\/\/webjamaa.us8.list-manage.com\/track\/click?u%3D762c9e1a33b17ec412a6083f8%26id%3Db62751d9cd%26e%3D9db37cdd6f&amp;source=gmail&amp;ust=1634765548843000&amp;usg=AFQjCNGgNYON6W-M_V-F_ssXa-vTH1ZLiw\">Inscription<\/a><\/p>\n<p><a href=\"https:\/\/webjamaa.us8.list-manage.com\/track\/click?u=762c9e1a33b17ec412a6083f8&amp;id=6e77269988&amp;e=9db37cdd6f\" target=\"_blank\" rel=\"noopener\" data-saferedirecturl=\"https:\/\/www.google.com\/url?q=https:\/\/webjamaa.us8.list-manage.com\/track\/click?u%3D762c9e1a33b17ec412a6083f8%26id%3D6e77269988%26e%3D9db37cdd6f&amp;source=gmail&amp;ust=1634765548843000&amp;usg=AFQjCNEFbrch36dS5SMsNPt0mtNSNi8FjA\">Teaser<\/a><\/p>\n<p>Retrouvez plus d&#8217;informations sur\u00a0<a href=\"https:\/\/webjamaa.us8.list-manage.com\/track\/click?u=762c9e1a33b17ec412a6083f8&amp;id=581d40e10e&amp;e=9db37cdd6f\" target=\"_blank\" rel=\"noopener\" data-saferedirecturl=\"https:\/\/www.google.com\/url?q=https:\/\/webjamaa.us8.list-manage.com\/track\/click?u%3D762c9e1a33b17ec412a6083f8%26id%3D581d40e10e%26e%3D9db37cdd6f&amp;source=gmail&amp;ust=1634765548843000&amp;usg=AFQjCNGmClUFY1gEEeTBlbJwUrWMN7IGXg\">webjamaa.net<\/a><br \/>\nEn direct\u00a0sur la\u00a0<a href=\"https:\/\/webjamaa.us8.list-manage.com\/track\/click?u=762c9e1a33b17ec412a6083f8&amp;id=93b09bf98a&amp;e=9db37cdd6f\" target=\"_blank\" rel=\"noopener\" data-saferedirecturl=\"https:\/\/www.google.com\/url?q=https:\/\/webjamaa.us8.list-manage.com\/track\/click?u%3D762c9e1a33b17ec412a6083f8%26id%3D93b09bf98a%26e%3D9db37cdd6f&amp;source=gmail&amp;ust=1634765548843000&amp;usg=AFQjCNGNxe7v85S4MB4Jf470PaUcGY_h6Q\">chaine Youtube webjamaa<\/a>\u00a0et sur\u00a0<a href=\"https:\/\/webjamaa.us8.list-manage.com\/track\/click?u=762c9e1a33b17ec412a6083f8&amp;id=3bfd418eb7&amp;e=9db37cdd6f\" target=\"_blank\" rel=\"noopener\" data-saferedirecturl=\"https:\/\/www.google.com\/url?q=https:\/\/webjamaa.us8.list-manage.com\/track\/click?u%3D762c9e1a33b17ec412a6083f8%26id%3D3bfd418eb7%26e%3D9db37cdd6f&amp;source=gmail&amp;ust=1634765548843000&amp;usg=AFQjCNG_J6GbbJ14tZZkG9Zls61I_GvIHA\">Facebook<\/a><\/p>\n<\/div>\n<div>\n<p style=\"text-align: left;\">Cher(e)s ami(e)s,<br \/>\nCher(e)s s\u0153urs et fr\u00e8res,<\/p>\n<p style=\"text-align: left;\">AISA ONG Internationale et la Ville de Nice ont le plaisir de vous inviter au 3<sup>\u00e8me<\/sup>\u00a0Festival du Mawlid qui se tiendra\u00a0le jeudi 21 octobre 2021 \u00e0 20h\u00a0(Heure d\u2019Europe) en retransmission directe de la ville de Nice, en pr\u00e9sence de\u00a0:<\/p>\n<p style=\"text-align: left;\">\u00b7\u00a0\u00a0\u00a0\u00a0\u00a0\u00a0M. Christian ESTROSI, Maire de Nice\u00a0;<br \/>\n\u00b7\u00a0\u00a0\u00a0\u00a0\u00a0\u00a0M. Maurice Niddam, Pr\u00e9sident de la communaut\u00e9 juive Nice C\u00f4te d&#8217;Azur\u00a0;<br \/>\n\u00b7\u00a0 \u00a0 \u00a0 M. Chanoine Philippe Asso, D\u00e9l\u00e9gu\u00e9 de l&#8217;Ev\u00eaque de Nice\u00a0;<br \/>\n\u00b7\u00a0\u00a0\u00a0\u00a0\u00a0\u00a0Cheikh Khaled Bentounes, Pr\u00e9sident d&#8217;honneur de AISA ONG Internationale.<\/p>\n<p style=\"text-align: left;\"><strong>Pour plus d\u2019informations sur le programme cliquez sur le lien suivant\u00a0:\u00a0<\/strong><a href=\"https:\/\/webjamaa.us8.list-manage.com\/track\/click?u=762c9e1a33b17ec412a6083f8&amp;id=915e79aa2f&amp;e=9db37cdd6f\" target=\"_blank\" rel=\"noopener\" data-saferedirecturl=\"https:\/\/www.google.com\/url?q=https:\/\/webjamaa.us8.list-manage.com\/track\/click?u%3D762c9e1a33b17ec412a6083f8%26id%3D915e79aa2f%26e%3D9db37cdd6f&amp;source=gmail&amp;ust=1634765548844000&amp;usg=AFQjCNGIQpoyoHLZ4v9mdmF1bkGc4ix66w\">Programme<\/a><\/p>\n<p style=\"text-align: left;\">Recevez nos fraternelles salutations.<\/p>\n<p style=\"text-align: left;\">\u0623\u0635\u062f\u0642\u0627\u0621\u0646\u0627 \u0627\u0644\u0623\u0639\u0632\u0627\u0621\u060c<\/p>\n<p>\u0625\u062e\u0648\u0627\u0646\u0646\u0627 \u0648\u0623\u062e\u0648\u0627\u062a\u0646\u0627 \u0627\u0644\u0623\u0639\u0632\u0627\u0621\u060c<\/p>\n<p>\u064a\u0633\u0631\u00a0\u0627\u0644\u0645\u0646\u0638\u0645\u0629 \u0627\u0644\u062f\u0648\u0644\u064a\u0629 \u063a\u064a\u0631 \u0627\u0644\u062d\u0643\u0648\u0645\u064a\u0629\u00a0AISA ONG\u00a0\u0648\u0645\u062f\u064a\u0646\u0629 \u0646\u064a\u0633 \u062f\u0639\u0648\u062a\u0643\u0645 \u0625\u0644\u0649\u00a0\u0627\u0644\u0645\u0647\u0631\u062c\u0627\u0646\u00a0\u0627\u0644\u062b\u0627\u0644\u062b \u0644\u0644\u0645\u0648\u0644\u062f \u0627\u0644\u0646\u0628\u0648\u064a \u0627\u0644\u0634\u0631\u064a\u0641 \u0627\u0644\u0630\u064a \u0633\u064a\u0646\u0639\u0642\u062f \u064a\u0648\u0645 \u0627\u0644\u062e\u0645\u064a\u0633 21 \u0623\u0643\u062a\u0648\u0628\u0631 2021\u0639\u0644\u0649\u00a0\u0627\u0644\u0633\u0627\u0639\u0629 8 \u0645\u0633\u0627\u0621\u064b (\u0628\u0627\u0644\u062a\u0648\u0642\u064a\u062a \u0627\u0644\u0623\u0648\u0631\u0648\u0628\u064a) \u0628\u0628\u062b \u0645\u0628\u0627\u0634\u0631 \u0645\u0646 \u0645\u062f\u064a\u0646\u0629 \u0646\u064a\u0633\u060c \u0648\u0630\u0644\u0643 \u0628\u062d\u0636\u0648\u0631 :<\/p>\n<p>\u00b7\u00a0\u00a0\u00a0\u00a0\u00a0\u00a0\u0627\u0644\u0633\u064a\u062f \u0643\u0631\u064a\u0633\u062a\u064a\u0627\u0646 \u0627\u0633\u062a\u0631\u0648\u0633\u064a \u060c \u0639\u0645\u062f\u0629 \u0645\u062f\u064a\u0646\u0629 \u0646\u064a\u0633\u060c<\/p>\n<p>\u00b7\u00a0\u00a0\u00a0\u00a0\u00a0\u00a0\u0627\u0644\u0633\u064a\u062f \u0645\u0648\u0631\u064a\u0633 \u0646\u062f\u0627\u0645 : \u0631\u0626\u064a\u0633 \u0627\u0644\u062c\u0627\u0644\u064a\u0629 \u0627\u0644\u064a\u0647\u0648\u062f\u064a\u0629 \u0628\u0646\u064a\u0633 \u0643\u0648\u062a \u062f\u0627\u0632\u0648\u0631\u060c<\/p>\n<p>\u00b7\u00a0\u00a0\u00a0\u00a0\u00a0\u00a0\u0627\u0644\u0633\u064a\u062f \u0641\u064a\u0644\u064a\u0628 \u0634\u0627\u0646\u0648\u0627\u0646 \u0623\u0633\u0651\u0648: \u0645\u0646\u062f\u0648\u0628\u00a0\u0627\u0644\u0623\u0633\u0642\u0641 \u0644\u0645\u062f\u064a\u0646\u0629 \u0646\u064a\u0633\u060c<\/p>\n<p>\u00b7\u00a0\u00a0\u0627\u0644\u0634\u064a\u062e \u062e\u0627\u0644\u062f \u0628\u0646 \u062a\u0648\u0646\u0633\u060c \u0627\u0644\u0631\u0626\u064a\u0633 \u0627\u0644\u0634\u0631\u0641\u064a \u0644\u0640\u062c\u0645\u0639\u064a\u0629\u00a0AISA ONG\u00a0\u0627\u0644\u0645\u0646\u0638\u0645\u0629\u00a0\u0627\u0644\u062f\u0648\u0644\u064a\u0629 \u063a\u064a\u0631 \u0627\u0644\u062d\u0643\u0648\u0645\u064a\u0629.<\/p>\n<p><strong>\u0644\u0644\u0645\u0632\u064a\u062f \u0645\u0646 \u0627\u0644\u0645\u0639\u0644\u0648\u0645\u0627\u062a \u062d\u0648\u0644 \u0627\u0644\u0628\u0631\u0646\u0627\u0645\u062c \u0627\u0636\u063a\u0637\u0648\u0627 \u0639\u0644\u0649 \u0627\u0644\u0631\u0627\u0628\u0637 \u0627\u0644\u062a\u0627\u0644\u064a<\/strong><strong>\u00a0<\/strong><strong>:\u00a0<a href=\"https:\/\/webjamaa.us8.list-manage.com\/track\/click?u=762c9e1a33b17ec412a6083f8&amp;id=fa87600013&amp;e=9db37cdd6f\" target=\"_blank\" rel=\"noopener\" data-saferedirecturl=\"https:\/\/www.google.com\/url?q=https:\/\/webjamaa.us8.list-manage.com\/track\/click?u%3D762c9e1a33b17ec412a6083f8%26id%3Dfa87600013%26e%3D9db37cdd6f&amp;source=gmail&amp;ust=1634765548844000&amp;usg=AFQjCNESIzGiWZYlZ9CrLCNKFGMs6RSXfQ\">link<\/a><\/strong><\/p>\n<p>&nbsp;<\/p>\n<p>\u062a\u0642\u0628\u0644\u0648\u0627 \u062a\u062d\u064a\u0627\u062a\u0646\u0627 \u0627 \u0644\u0623\u062e\u0648\u064a\u0629.<\/p>\n<p style=\"text-align: left;\">Dear friends,<br \/>\nDear sisters and brothers,<\/p>\n<p style=\"text-align: left;\">AISA International NGO and the City of Nice are pleased to invite you to the 3rd Mawlid Festival which will be held on Thursday, October 21<sup>st<\/sup>, 2021 at 8pm (European time). This will be broadcast live from the city of Nice and will be attended by:<\/p>\n<p style=\"text-align: left;\">\u00b7\u00a0\u00a0\u00a0\u00a0\u00a0\u00a0\u00a0Mr Christian ESTROSI, Mayor of Nice<br \/>\n\u00b7\u00a0\u00a0\u00a0\u00a0\u00a0\u00a0\u00a0Mr Maurice Niddam, President of the Nice-C\u00f4te d&#8217;Azur Jewish community<br \/>\n\u00b7\u00a0\u00a0\u00a0\u00a0\u00a0\u00a0\u00a0Mr. Canon Philippe Asso, Bishop delegate of Nice<br \/>\n\u00b7\u00a0\u00a0\u00a0\u00a0\u00a0\u00a0\u00a0Sheikh Khaled Bentounes, Honorary President of AISA International NGO<\/p>\n<p style=\"text-align: left;\"><strong>For more information on the programme click on the following link :\u00a0<a href=\"https:\/\/webjamaa.us8.list-manage.com\/track\/click?u=762c9e1a33b17ec412a6083f8&amp;id=7a0ad380b5&amp;e=9db37cdd6f\" target=\"_blank\" rel=\"noopener\" data-saferedirecturl=\"https:\/\/www.google.com\/url?q=https:\/\/webjamaa.us8.list-manage.com\/track\/click?u%3D762c9e1a33b17ec412a6083f8%26id%3D7a0ad380b5%26e%3D9db37cdd6f&amp;source=gmail&amp;ust=1634765548844000&amp;usg=AFQjCNHrennTfnboXSsoSC14S8NcuEyGKQ\">link<\/a><\/strong><\/p>\n<p style=\"text-align: left;\">Receive our fraternal greetings.<\/p>\n<p style=\"text-align: left;\">Queridos hermanos y hermanas,<br \/>\nQueridos amigos,<\/p>\n<p dir=\"ltr\" style=\"text-align: left;\">AISA ONG Internationale y la ciudad de Niza tienen el agrado de invitarlos al 3er Festival Mawlid que se celebrar\u00e1 el jueves 21 de octubre de 2021 a las 8 p.m. (hora europea) en transmisi\u00f3n directa desde la ciudad de Niza, en presencia de:<\/p>\n<p dir=\"ltr\" style=\"text-align: left;\">\u00b7\u00a0\u00a0\u00a0\u00a0\u00a0\u00a0Sr. Christian ESTROSI\u00a0: Alcalde de Niza<br \/>\n\u00b7\u00a0\u00a0\u00a0\u00a0\u00a0\u00a0Sr. Maurice Niddam\u00a0:\u00a0\u00a0Presidente de la comunidad jud\u00eda Nice C\u00f4te d&#8217;Azur<br \/>\n\u00b7\u00a0\u00a0\u00a0\u00a0\u00a0\u00a0Sr. Chanoine Philippe Asso\u00a0: Delegado del Obispo de Niza<br \/>\n\u00b7\u00a0\u00a0\u00a0\u00a0\u00a0\u00a0Cheikh Khaled Bentounes\u00a0: Presidente honorario de AISA ONG Internationale<strong>\u00a0<\/strong><\/p>\n<p dir=\"ltr\" style=\"text-align: left;\"><strong>Para obtener m\u00e1s informaci\u00f3n sobre el programa, haga clic en el siguiente enlace :\u00a0<a href=\"https:\/\/webjamaa.us8.list-manage.com\/track\/click?u=762c9e1a33b17ec412a6083f8&amp;id=29b206780e&amp;e=9db37cdd6f\" target=\"_blank\" rel=\"noopener\" data-saferedirecturl=\"https:\/\/www.google.com\/url?q=https:\/\/webjamaa.us8.list-manage.com\/track\/click?u%3D762c9e1a33b17ec412a6083f8%26id%3D29b206780e%26e%3D9db37cdd6f&amp;source=gmail&amp;ust=1634765548844000&amp;usg=AFQjCNGYHM8a0PA1dia2NBo7TN4HqZqvLw\">programa<\/a><\/strong><\/p>\n<p dir=\"ltr\" style=\"text-align: left;\">Nuestros Saludos fraternales<\/p>\n<\/div>\n","protected":false},"excerpt":{"rendered":"<p>https:\/\/web.facebook.com\/watch\/?v=374135021116517&amp;extid=NS-UNK-UNK-UNK-AN_GK0T-GK1C&amp;ref=sharing&amp;_rdc=1&amp;_rdr https:\/\/fb.watch\/8RsIj4iO3p\/ https:\/\/www.facebook.com\/aisa.ong\/videos\/1040432116501200 &nbsp; 3\u00e8me Festival du Mawlid en direct de Nice Jeudi 21 octobre 2021 20h00\u00a0(heure de Paris) via Zoom Lien pour vous inscrire\u00a0:\u00a0Inscription Teaser Retrouvez plus d&#8217;informations sur\u00a0webjamaa.net En direct\u00a0sur la\u00a0chaine Youtube webjamaa\u00a0et sur\u00a0Facebook Cher(e)s ami(e)s, Cher(e)s s\u0153urs et fr\u00e8res, AISA ONG Internationale et la Ville de Nice ont le plaisir de vous [&hellip;]<\/p>\n","protected":false},"author":2,"featured_media":14995,"comment_status":"open","ping_status":"open","sticky":false,"template":"","format":"video","meta":{"footnotes":""},"categories":[6],"tags":[],"views":613,"_links":{"self":[{"href":"http:\/\/www.assoalawimaroc.com\/index.php?rest_route=\/wp\/v2\/posts\/14994"}],"collection":[{"href":"http:\/\/www.assoalawimaroc.com\/index.php?rest_route=\/wp\/v2\/posts"}],"about":[{"href":"http:\/\/www.assoalawimaroc.com\/index.php?rest_route=\/wp\/v2\/types\/post"}],"author":[{"embeddable":true,"href":"http:\/\/www.assoalawimaroc.com\/index.php?rest_route=\/wp\/v2\/users\/2"}],"replies":[{"embeddable":true,"href":"http:\/\/www.assoalawimaroc.com\/index.php?rest_route=%2Fwp%2Fv2%2Fcomments&post=14994"}],"version-history":[{"count":6,"href":"http:\/\/www.assoalawimaroc.com\/index.php?rest_route=\/wp\/v2\/posts\/14994\/revisions"}],"predecessor-version":[{"id":15011,"href":"http:\/\/www.assoalawimaroc.com\/index.php?rest_route=\/wp\/v2\/posts\/14994\/revisions\/15011"}],"wp:featuredmedia":[{"embeddable":true,"href":"http:\/\/www.assoalawimaroc.com\/index.php?rest_route=\/wp\/v2\/media\/14995"}],"wp:attachment":[{"href":"http:\/\/www.assoalawimaroc.com\/index.php?rest_route=%2Fwp%2Fv2%2Fmedia&parent=14994"}],"wp:term":[{"taxonomy":"category","embeddable":true,"href":"http:\/\/www.assoalawimaroc.com\/index.php?rest_route=%2Fwp%2Fv2%2Fcategories&post=14994"},{"taxonomy":"post_tag","embeddable":true,"href":"http:\/\/www.assoalawimaroc.com\/index.php?rest_route=%2Fwp%2Fv2%2Ftags&post=14994"}],"curies":[{"name":"wp","href":"https:\/\/api.w.org\/{rel}","templated":true}]}}