{"id":14694,"date":"2021-03-20T23:00:50","date_gmt":"2021-03-20T20:00:50","guid":{"rendered":"http:\/\/www.assoalawimaroc.com\/?p=14694"},"modified":"2021-11-08T19:31:32","modified_gmt":"2021-11-08T16:31:32","slug":"la-meditation-des-couchants","status":"publish","type":"post","link":"http:\/\/www.assoalawimaroc.com\/?p=14694","title":{"rendered":"La m\u00e9ditation des couchants"},"content":{"rendered":"<p><img decoding=\"async\" loading=\"lazy\" class=\"aligncenter size-large wp-image-14695\" src=\"http:\/\/www.assoalawimaroc.com\/wp-content\/uploads\/2021\/06\/unnamed-1024x581.png\" alt=\"\" width=\"1024\" height=\"581\" srcset=\"http:\/\/www.assoalawimaroc.com\/wp-content\/uploads\/2021\/06\/unnamed-1024x581.png 1024w, http:\/\/www.assoalawimaroc.com\/wp-content\/uploads\/2021\/06\/unnamed-300x170.png 300w, http:\/\/www.assoalawimaroc.com\/wp-content\/uploads\/2021\/06\/unnamed-768x436.png 768w, http:\/\/www.assoalawimaroc.com\/wp-content\/uploads\/2021\/06\/unnamed.png 1600w\" sizes=\"(max-width: 1024px) 100vw, 1024px\" \/><\/p>\n<h1 style=\"text-align: center;\"><strong><span style=\"color: #0000ff;\">La m\u00e9ditation des couchants<\/span><\/strong><\/h1>\n<div style=\"text-align: center;\"><strong>Lancement de l\u2019intercontinentale des Consciences<\/strong><br \/>\nLundi 21 juin 2021 &#8211; 20h15 \u00e0 22h00 (heure de Paris)<a href=\"https:\/\/webjamaa.us8.list-manage.com\/track\/click?u=762c9e1a33b17ec412a6083f8&amp;id=bfbed92c95&amp;e=9db37cdd6f\" target=\"_blank\" rel=\"noopener\" data-saferedirecturl=\"https:\/\/www.google.com\/url?q=https:\/\/webjamaa.us8.list-manage.com\/track\/click?u%3D762c9e1a33b17ec412a6083f8%26id%3Dbfbed92c95%26e%3D9db37cdd6f&amp;source=gmail&amp;ust=1624304182283000&amp;usg=AFQjCNHHyztSuqcQPj8Sb_2C8mruAmeRsA\">Lien<\/a><\/p>\n<\/div>\n<div style=\"text-align: left;\">\n<p>L\u2019intercontinentale des Consciences a le plaisir de vous convier \u00e0 son lancement, lundi 21 juin 2021 \u00e0 20h15. A l\u2019initiative de\u00a0<strong>Jean-Yves Leloup<\/strong>\u00a0et\u00a0<strong>Abdennour Bidar, l<\/strong><strong>\u2019Intercontinentale des Consciences<\/strong>\u00a0est un r\u00e9seau de &#8220;<strong>m\u00e9ditants engag\u00e9s<\/strong>&#8221; visant \u00e0 rassembler toutes celles et ceux qui partagent la conviction que seul un approfondissement de conscience personnel et collectif nous permettra de \u201cr\u00e9parer ensemble le tissu d\u00e9chir\u00e9 du monde&#8221;.<\/p>\n<p>Avec la participation de\u00a0<strong>Jean-Yves Leloup,<\/strong>\u00a0<strong>Abdennour Bidar\u00a0<\/strong>et<strong>\u00a0Cheikh Khaled Bentounes.<\/strong><\/p>\n<p>Au programme :<\/p>\n<p>20h15-20h30 : Accueil des participants<br \/>\n20h30-21h : Pr\u00e9sentation de l\u2019Intercontinentale des consciences \/ Prises de paroles<br \/>\n21h-21h30 : Questions \/ r\u00e9ponses<br \/>\n21h30-22h00\u00a0: M\u00e9ditation des couchants<\/p>\n<\/div>\n","protected":false},"excerpt":{"rendered":"<p>La m\u00e9ditation des couchants Lancement de l\u2019intercontinentale des Consciences Lundi 21 juin 2021 &#8211; 20h15 \u00e0 22h00 (heure de Paris)Lien L\u2019intercontinentale des Consciences a le plaisir de vous convier \u00e0 son lancement, lundi 21 juin 2021 \u00e0 20h15. A l\u2019initiative de\u00a0Jean-Yves Leloup\u00a0et\u00a0Abdennour Bidar, l\u2019Intercontinentale des Consciences\u00a0est un r\u00e9seau de &#8220;m\u00e9ditants engag\u00e9s&#8221; visant \u00e0 rassembler toutes [&hellip;]<\/p>\n","protected":false},"author":2,"featured_media":14695,"comment_status":"open","ping_status":"open","sticky":false,"template":"","format":"standard","meta":{"footnotes":""},"categories":[6],"tags":[],"views":591,"_links":{"self":[{"href":"http:\/\/www.assoalawimaroc.com\/index.php?rest_route=\/wp\/v2\/posts\/14694"}],"collection":[{"href":"http:\/\/www.assoalawimaroc.com\/index.php?rest_route=\/wp\/v2\/posts"}],"about":[{"href":"http:\/\/www.assoalawimaroc.com\/index.php?rest_route=\/wp\/v2\/types\/post"}],"author":[{"embeddable":true,"href":"http:\/\/www.assoalawimaroc.com\/index.php?rest_route=\/wp\/v2\/users\/2"}],"replies":[{"embeddable":true,"href":"http:\/\/www.assoalawimaroc.com\/index.php?rest_route=%2Fwp%2Fv2%2Fcomments&post=14694"}],"version-history":[{"count":2,"href":"http:\/\/www.assoalawimaroc.com\/index.php?rest_route=\/wp\/v2\/posts\/14694\/revisions"}],"predecessor-version":[{"id":15026,"href":"http:\/\/www.assoalawimaroc.com\/index.php?rest_route=\/wp\/v2\/posts\/14694\/revisions\/15026"}],"wp:featuredmedia":[{"embeddable":true,"href":"http:\/\/www.assoalawimaroc.com\/index.php?rest_route=\/wp\/v2\/media\/14695"}],"wp:attachment":[{"href":"http:\/\/www.assoalawimaroc.com\/index.php?rest_route=%2Fwp%2Fv2%2Fmedia&parent=14694"}],"wp:term":[{"taxonomy":"category","embeddable":true,"href":"http:\/\/www.assoalawimaroc.com\/index.php?rest_route=%2Fwp%2Fv2%2Fcategories&post=14694"},{"taxonomy":"post_tag","embeddable":true,"href":"http:\/\/www.assoalawimaroc.com\/index.php?rest_route=%2Fwp%2Fv2%2Ftags&post=14694"}],"curies":[{"name":"wp","href":"https:\/\/api.w.org\/{rel}","templated":true}]}}