{"id":13548,"date":"2020-07-06T12:09:47","date_gmt":"2020-07-06T09:09:47","guid":{"rendered":"http:\/\/www.assoalawimaroc.com\/?p=13548"},"modified":"2021-01-26T19:31:22","modified_gmt":"2021-01-26T16:31:22","slug":"%d9%81%d9%8a-%d8%a7%d9%84%d9%82%d8%b1%d9%86-%d8%a7%d9%84%d8%aa%d8%a7%d8%b3%d8%b9-%d8%b9%d8%b4%d8%b1%d8%8c%d9%83%d8%a7%d9%86-%d8%a7%d9%84%d8%a3%d9%85%d9%8a%d8%b1-%d8%b9%d8%a8%d8%af-%d8%a7%d9%84%d9%82","status":"publish","type":"post","link":"http:\/\/www.assoalawimaroc.com\/?p=13548","title":{"rendered":"\u0641\u064a \u0627\u0644\u0642\u0631\u0646 \u0627\u0644\u062a\u0627\u0633\u0639 \u0639\u0634\u0631\u060c\u0643\u0627\u0646 \u0627\u0644\u0623\u0645\u064a\u0631 \u0639\u0628\u062f \u0627\u0644\u0642\u0627\u062f\u0631 \u0623\u062d\u062f \u0627\u0644\u0645\u0645\u062b\u0644\u064a\u0646 \u0627\u0644\u0631\u0626\u064a\u0633\u064a\u064a\u0646 \u0644\u0644\u062d\u0648\u0627\u0631 \u0628\u064a\u0646 \u0627\u0644\u062d\u0636\u0627\u0631\u0627\u062a"},"content":{"rendered":"<p><img decoding=\"async\" loading=\"lazy\" class=\"aligncenter size-large wp-image-13549\" src=\"http:\/\/www.assoalawimaroc.com\/wp-content\/uploads\/2021\/01\/unnamed-1024x576.jpg\" alt=\"\" width=\"1024\" height=\"576\" srcset=\"http:\/\/www.assoalawimaroc.com\/wp-content\/uploads\/2021\/01\/unnamed-1024x576.jpg 1024w, http:\/\/www.assoalawimaroc.com\/wp-content\/uploads\/2021\/01\/unnamed-300x169.jpg 300w, http:\/\/www.assoalawimaroc.com\/wp-content\/uploads\/2021\/01\/unnamed-768x432.jpg 768w, http:\/\/www.assoalawimaroc.com\/wp-content\/uploads\/2021\/01\/unnamed.jpg 1280w\" sizes=\"(max-width: 1024px) 100vw, 1024px\" \/><\/p>\n<h4 style=\"text-align: center;\"><span style=\"color: #0000ff;\"><strong>Un dialogue des civilisations est-il possible ? L\u2019exemple de l\u2019\u00e9mir Abd el-Kader<\/strong><\/span><\/h4>\n<h4 style=\"text-align: center;\"><span style=\"color: #0000ff;\"><strong>Samedi 9 janvier 2021\u00a0&#8211; 18h45\u00a0<\/strong>(Europe)<\/span><\/h4>\n<p style=\"text-align: left;\">Lien pour vous inscrire\u00a0:\u00a0<a href=\"https:\/\/webjamaa.us8.list-manage.com\/track\/click?u=762c9e1a33b17ec412a6083f8&amp;id=dfac42d9ee&amp;e=9db37cdd6f\">Inscription<\/a><\/p>\n<p style=\"text-align: left;\">Retrouvez plus d&#8217;informations sur\u00a0<a href=\"https:\/\/webjamaa.us8.list-manage.com\/track\/click?u=762c9e1a33b17ec412a6083f8&amp;id=97b7b0e3fb&amp;e=9db37cdd6f\">webjamaa.net<\/a><\/p>\n<p style=\"text-align: left;\">En direct\u00a0sur la\u00a0<a href=\"https:\/\/webjamaa.us8.list-manage.com\/track\/click?u=762c9e1a33b17ec412a6083f8&amp;id=6b299fd3c2&amp;e=9db37cdd6f\">chaine Youtube webjamaa<\/a>\u00a0et sur\u00a0<a href=\"https:\/\/webjamaa.us8.list-manage.com\/track\/click?u=762c9e1a33b17ec412a6083f8&amp;id=8af68234c7&amp;e=9db37cdd6f\">Facebook<\/a><\/p>\n<p><strong>\u0647\u0644\u00a0\u062d\u0648\u0627\u0631 \u0627\u0644\u062d\u0636\u0627\u0631\u0627\u062a \u0645\u0645\u0643\u0646 \u061f \u0645\u062b\u0627\u0644 \u0627\u0644\u0623\u0645\u064a\u0631 \u0639\u0628\u062f \u0627\u0644\u0642\u0627\u062f\u0631<\/strong><\/p>\n<p>\u0623\u0635\u062f\u0642\u0627\u0621\u0646\u0627 \u0627\u0644\u0623\u0639\u0632\u0627\u0621\u060c \u0625\u062e\u0648\u0627\u0646\u0646\u0627 \u0648\u0623\u062e\u0648\u0627\u062a\u0646\u0627 \u0627\u0644\u0623\u0639\u0632\u0627\u0621\u060c<br \/>\n\u0641\u064a \u0627\u0644\u0642\u0631\u0646 \u0627\u0644\u062a\u0627\u0633\u0639 \u0639\u0634\u0631\u060c\u0643\u0627\u0646 \u0627\u0644\u0623\u0645\u064a\u0631 \u0639\u0628\u062f \u0627\u0644\u0642\u0627\u062f\u0631 \u0623\u062d\u062f \u0627\u0644\u0645\u0645\u062b\u0644\u064a\u0646 \u0627\u0644\u0631\u0626\u064a\u0633\u064a\u064a\u0646 \u0644\u0644\u062d\u0648\u0627\u0631 \u0628\u064a\u0646 \u0627\u0644\u062d\u0636\u0627\u0631\u0627\u062a.\u0641\u0645\u0646 \u062e\u0644\u0627\u0644 \u062d\u064a\u0627\u062a\u0647 \u0648\u0643\u062a\u0627\u0628\u0627\u062a\u0647 \u0633\u0646\u0643\u062a\u0634\u0641 \u062c\u0645\u064a\u0639\u0627 \u062e\u0644\u0627\u0644 \u0647\u0630\u0647 \u0627\u0644\u0646\u062f\u0648\u0629 \u0639\u0628\u0631 \u0627\u0644\u0625\u0646\u062a\u0631\u0646\u062a \u0631\u062c\u0644 \u0627\u0644\u062d\u0648\u0627\u0631 \u0628\u0634\u062a\u0649 \u0623\u0628\u0639\u0627\u062f\u0647 \u0627\u0644\u062b\u0642\u0627\u0641\u064a\u0629 \u0648\u0627\u0644\u062f\u064a\u0646\u064a\u0629 \u0648\u0627\u0644\u0631\u0648\u062d\u064a\u0629.\u00a0\u0633\u0648\u0641 \u0646\u062a\u0633\u0627\u0621\u0644 \u0643\u064a\u0641 \u064a\u0645\u0643\u0646 \u0644\u0644\u062d\u0648\u0627\u0631 \u0643\u0645\u0627 \u062a\u0635\u0648\u0631\u0647 \u0627\u0644\u0623\u0645\u064a\u0631 \u0639\u0628\u062f \u0627\u0644\u0642\u0627\u062f\u0631 \u0623\u0646 \u064a\u063a\u0630\u064a \u0627\u0644\u0645\u0634\u0627\u0631\u064a\u0639 \u062d\u0648\u0644 \u062a\u0631\u0628\u064a\u0629 \u0627\u0644\u0633\u0644\u0627\u0645.<\/p>\n<p>\u062a\u0642\u0628\u0644\u0648\u0627 \u062a\u062d\u064a\u0627\u062a\u0646\u0627 \u0627 \u0644\u0623\u062e\u0648\u064a\u0629<\/p>\n<p style=\"text-align: left;\">Ch\u00e8res s\u0153urs,\u00a0Chers fr\u00e8res,\u00a0Cher(e)s ami(e)s<\/p>\n<p style=\"text-align: left;\">L\u2019\u00e9mir Abd el-Kader a \u00e9t\u00e9 un des repr\u00e9sentants majeurs au XIX\u00e8me si\u00e8cle du dialogue des civilisations. A travers son parcours de vie et ses \u00e9crits nous d\u00e9couvrirons au cours de ce webinaire l\u2019homme de dialogue dans ses dimensions culturelle, religieuse et spirituelle.<\/p>\n<p style=\"text-align: left;\">Nous poserons la question en quoi le dialogue tel qu\u2019il a \u00e9t\u00e9 envisag\u00e9 par l\u2019\u00e9mir Abd el-Kader peut nourrir des projets autour de l\u2019\u00e9ducation \u00e0 la paix.<\/p>\n<p style=\"text-align: left;\"><strong>Cheikh Khaled Bentounes\u00a0<\/strong>est le guide spirituel de la confr\u00e9rie soufie\u00a0<em>Al\u00e2wiyya-Darq\u00e2wiyya-Sh\u00e2dhiliyya<\/em>. A travers ses livres, ses conf\u00e9rences, et ses actions, il est notamment le fondateur des\u00a0<em>Scouts Musulmans de France<\/em>, de l\u2019<em>ONG AISA\u00a0<\/em>et de la fondation\u00a0<em>Adlanya<\/em>, le Cheikh Bentounes \u0153uvre depuis quarante-cinq ans \u00e0 transmettre la culture de paix et du vivre-ensemble. Il est l&#8217;initiateur de la\u00a0<em>Journ\u00e9e Internationale du Vivre Ensemble en Paix<\/em>\u00a0(JIVEP) adopt\u00e9e \u00e0 l&#8217;unanimit\u00e9 des 193 \u00e9tats membres de l&#8217;ONU et fix\u00e9e au 16 mai de chaque ann\u00e9e. Il est \u00e9galement fondateur du\u00a0<em>Prix Emir Abd El-Kader pour la promotion du vivre ensemble et de la coexistence pacifique en M\u00e9diterran\u00e9e et dans le monde.<\/em><\/p>\n<p style=\"text-align: left;\"><strong>Christian Salenson<\/strong>\u00a0est pr\u00eatre du dioc\u00e8se de N\u00eemes, auteur et<\/p>\n<p style=\"text-align: left;\">enseignant. Apr\u00e8s avoir \u00e9t\u00e9 sup\u00e9rieur du s\u00e9minaire interdioc\u00e9sain d&#8217;Avignon et vicaire-g\u00e9n\u00e9ral du dioc\u00e8se de N\u00eemes, il a \u00e9t\u00e9 directeur de l&#8217;<em>Institut de Sciences et Th\u00e9ologie des Religions<\/em>\u00a0de Marseille. Ces ouvrages portent principalement sur l\u2019\u00e9thique du dialogue. Deux de ses essais ont \u00e9t\u00e9 consacr\u00e9s \u00e0 la figure de\u00a0Christian de Cherg\u00e9, prieur des moines de\u00a0Tibh\u00e9rine\u00a0assassin\u00e9s en 1996\u00a0;\u00a0<em>Christian de Cherg\u00e9, une th\u00e9ologie de l&#8217;esp\u00e9rance<\/em>\u00a0a re\u00e7u le\u00a0prix\u00a0<em>Silo\u00e9<\/em>\u00a0en 2009.<\/p>\n<p style=\"text-align: left;\">Salutations fraternelles<\/p>\n<p style=\"text-align: left;\"><strong><em>Is a\u00a0dialogue between civilizations possible? An example of the Emir Abd el-Kader.<\/em><\/strong><\/p>\n<p style=\"text-align: left;\">Dear sisters, brothers, and friends<\/p>\n<p style=\"text-align: left;\">The Emir Abd el-Kader has been one of the major representatives of\u00a0the dialogue\u00a0between civilizations in the 19th century. In this webinar, we will discover, through his life path and writings, a man of dialogue in the cultural, religious and spiritual dimensions.<\/p>\n<p style=\"text-align: left;\">We will wonder to what extent the dialogue, as considered by the Emir Abd-el-Kader, can nurture projects about the education to peace.<\/p>\n<p style=\"text-align: left;\">Fraternal greetings<\/p>\n<p style=\"text-align: left;\"><strong>\u00bfEs posible un di\u00e1logo de civilizaciones? El ejemplo\u00a0<\/strong>del<strong>\u00a0Emir Abd el-Kader.<\/strong><\/p>\n<p style=\"text-align: left;\">Queridos amigos, hermanas y hermanos<\/p>\n<p style=\"text-align: left;\">El Emir Abd el-Kader fue uno de los principales representantes en el siglo XIX del di\u00e1logo de civilizaciones. A trav\u00e9s de su trayectoria vital y sus escritos descubriremos durante este seminario web al hombre del di\u00e1logo en sus dimensiones culturales, religiosas y espirituales.<br \/>\nNos preguntaremos c\u00f3mo el di\u00e1logo previsto por el Emir Abd el-Kader puede fomentar proyectos de educaci\u00f3n para la paz.<\/p>\n<p style=\"text-align: left;\">Saludos fraternales<\/p>\n","protected":false},"excerpt":{"rendered":"<p>Un dialogue des civilisations est-il possible ? L\u2019exemple de l\u2019\u00e9mir Abd el-Kader Samedi 9 janvier 2021\u00a0&#8211; 18h45\u00a0(Europe) Lien pour vous inscrire\u00a0:\u00a0Inscription Retrouvez plus d&#8217;informations sur\u00a0webjamaa.net En direct\u00a0sur la\u00a0chaine Youtube webjamaa\u00a0et sur\u00a0Facebook \u0647\u0644\u00a0\u062d\u0648\u0627\u0631 \u0627\u0644\u062d\u0636\u0627\u0631\u0627\u062a \u0645\u0645\u0643\u0646 \u061f \u0645\u062b\u0627\u0644 \u0627\u0644\u0623\u0645\u064a\u0631 \u0639\u0628\u062f \u0627\u0644\u0642\u0627\u062f\u0631 \u0623\u0635\u062f\u0642\u0627\u0621\u0646\u0627 \u0627\u0644\u0623\u0639\u0632\u0627\u0621\u060c \u0625\u062e\u0648\u0627\u0646\u0646\u0627 \u0648\u0623\u062e\u0648\u0627\u062a\u0646\u0627 \u0627\u0644\u0623\u0639\u0632\u0627\u0621\u060c \u0641\u064a \u0627\u0644\u0642\u0631\u0646 \u0627\u0644\u062a\u0627\u0633\u0639 \u0639\u0634\u0631\u060c\u0643\u0627\u0646 \u0627\u0644\u0623\u0645\u064a\u0631 \u0639\u0628\u062f \u0627\u0644\u0642\u0627\u062f\u0631 \u0623\u062d\u062f \u0627\u0644\u0645\u0645\u062b\u0644\u064a\u0646 \u0627\u0644\u0631\u0626\u064a\u0633\u064a\u064a\u0646 \u0644\u0644\u062d\u0648\u0627\u0631 [&hellip;]<\/p>\n","protected":false},"author":2,"featured_media":13549,"comment_status":"open","ping_status":"open","sticky":false,"template":"","format":"standard","meta":{"footnotes":""},"categories":[29],"tags":[],"views":469,"_links":{"self":[{"href":"http:\/\/www.assoalawimaroc.com\/index.php?rest_route=\/wp\/v2\/posts\/13548"}],"collection":[{"href":"http:\/\/www.assoalawimaroc.com\/index.php?rest_route=\/wp\/v2\/posts"}],"about":[{"href":"http:\/\/www.assoalawimaroc.com\/index.php?rest_route=\/wp\/v2\/types\/post"}],"author":[{"embeddable":true,"href":"http:\/\/www.assoalawimaroc.com\/index.php?rest_route=\/wp\/v2\/users\/2"}],"replies":[{"embeddable":true,"href":"http:\/\/www.assoalawimaroc.com\/index.php?rest_route=%2Fwp%2Fv2%2Fcomments&post=13548"}],"version-history":[{"count":3,"href":"http:\/\/www.assoalawimaroc.com\/index.php?rest_route=\/wp\/v2\/posts\/13548\/revisions"}],"predecessor-version":[{"id":13552,"href":"http:\/\/www.assoalawimaroc.com\/index.php?rest_route=\/wp\/v2\/posts\/13548\/revisions\/13552"}],"wp:featuredmedia":[{"embeddable":true,"href":"http:\/\/www.assoalawimaroc.com\/index.php?rest_route=\/wp\/v2\/media\/13549"}],"wp:attachment":[{"href":"http:\/\/www.assoalawimaroc.com\/index.php?rest_route=%2Fwp%2Fv2%2Fmedia&parent=13548"}],"wp:term":[{"taxonomy":"category","embeddable":true,"href":"http:\/\/www.assoalawimaroc.com\/index.php?rest_route=%2Fwp%2Fv2%2Fcategories&post=13548"},{"taxonomy":"post_tag","embeddable":true,"href":"http:\/\/www.assoalawimaroc.com\/index.php?rest_route=%2Fwp%2Fv2%2Ftags&post=13548"}],"curies":[{"name":"wp","href":"https:\/\/api.w.org\/{rel}","templated":true}]}}