{"id":10467,"date":"2019-09-23T20:06:51","date_gmt":"2019-09-23T17:06:51","guid":{"rendered":"http:\/\/www.assoalawimaroc.com\/?p=10467"},"modified":"2019-09-23T20:06:51","modified_gmt":"2019-09-23T17:06:51","slug":"%d8%a7%d9%84%d8%b7%d8%a8%d8%b9%d8%a9-%d8%a7%d9%84%d8%ae%d8%a7%d9%85%d8%b3%d8%a9-%d9%84%d9%84%d8%ac%d8%a7%d9%85%d8%b9%d8%a9-%d8%a7%d9%84%d8%b5%d9%8a%d9%81%d9%8a%d8%a9-%d8%a7%d9%84%d8%aa%d8%b5%d9%88","status":"publish","type":"post","link":"http:\/\/www.assoalawimaroc.com\/?p=10467","title":{"rendered":"\u0627\u0644\u0637\u0628\u0639\u0629 \u0627\u0644\u062e\u0627\u0645\u0633\u0629 \u0644\u0644\u062c\u0627\u0645\u0639\u0629 \u0627\u0644\u0635\u064a\u0641\u064a\u0629 * \u0627\u0644\u062a\u0635\u0648\u0641 \u0645\u0639\u0646\u0649 \u0648 \u062c\u0648\u0647\u0631 * \u0645\u0646 15 \u0627\u0644\u0649 30 \u063a\u0634\u062a 2019 \u0628\u0645\u0642\u0631 \u0645\u0624\u0633\u0633\u0629 \u062c\u0646\u0629 \u0627\u0644\u0639\u0627\u0631\u0641"},"content":{"rendered":"<p>\u0627\u0644\u0637\u0628\u0639\u0629 \u0627\u0644\u062e\u0627\u0645\u0633\u0629 \u0644\u0644\u062c\u0627\u0645\u0639\u0629 \u0627\u0644\u0635\u064a\u0641\u064a\u0629 * \u0627\u0644\u062a\u0635\u0648\u0641 \u0645\u0639\u0646\u0649 \u0648 \u062c\u0648\u0647\u0631 * \u0645\u0646 15 \u0627\u0644\u0649 30 \u063a\u0634\u062a 2019 \u0628\u0645\u0642\u0631 \u0645\u0624\u0633\u0633\u0629 \u062c\u0646\u0629 \u0627\u0644\u0639\u0627\u0631\u0641<\/p>\n<p style=\"text-align: left;\">5\u00e8me \u00e9dition de l&#8217;universit\u00e9 d&#8217;\u00e9t\u00e9 * soufisme sens et essence<br \/>\nDu 15 au 30 ao\u00fbt 2019 au si\u00e8ge de la fondation djanatu al arif<\/p>\n<p><iframe loading=\"lazy\" width=\"1170\" height=\"658\" src=\"https:\/\/www.youtube.com\/embed\/K-STN2TjHbE?feature=oembed\" frameborder=\"0\" allow=\"accelerometer; autoplay; encrypted-media; gyroscope; picture-in-picture\" allowfullscreen><\/iframe><\/p>\n","protected":false},"excerpt":{"rendered":"<p>\u0627\u0644\u0637\u0628\u0639\u0629 \u0627\u0644\u062e\u0627\u0645\u0633\u0629 \u0644\u0644\u062c\u0627\u0645\u0639\u0629 \u0627\u0644\u0635\u064a\u0641\u064a\u0629 * \u0627\u0644\u062a\u0635\u0648\u0641 \u0645\u0639\u0646\u0649 \u0648 \u062c\u0648\u0647\u0631 * \u0645\u0646 15 \u0627\u0644\u0649 30 \u063a\u0634\u062a 2019 \u0628\u0645\u0642\u0631 \u0645\u0624\u0633\u0633\u0629 \u062c\u0646\u0629 \u0627\u0644\u0639\u0627\u0631\u0641 5\u00e8me \u00e9dition de l&#8217;universit\u00e9 d&#8217;\u00e9t\u00e9 * soufisme sens et essence Du 15 au 30 ao\u00fbt 2019 au si\u00e8ge de la fondation djanatu al arif<\/p>\n","protected":false},"author":2,"featured_media":10469,"comment_status":"open","ping_status":"open","sticky":false,"template":"","format":"video","meta":{"footnotes":""},"categories":[6,29],"tags":[],"views":555,"_links":{"self":[{"href":"http:\/\/www.assoalawimaroc.com\/index.php?rest_route=\/wp\/v2\/posts\/10467"}],"collection":[{"href":"http:\/\/www.assoalawimaroc.com\/index.php?rest_route=\/wp\/v2\/posts"}],"about":[{"href":"http:\/\/www.assoalawimaroc.com\/index.php?rest_route=\/wp\/v2\/types\/post"}],"author":[{"embeddable":true,"href":"http:\/\/www.assoalawimaroc.com\/index.php?rest_route=\/wp\/v2\/users\/2"}],"replies":[{"embeddable":true,"href":"http:\/\/www.assoalawimaroc.com\/index.php?rest_route=%2Fwp%2Fv2%2Fcomments&post=10467"}],"version-history":[{"count":1,"href":"http:\/\/www.assoalawimaroc.com\/index.php?rest_route=\/wp\/v2\/posts\/10467\/revisions"}],"predecessor-version":[{"id":10468,"href":"http:\/\/www.assoalawimaroc.com\/index.php?rest_route=\/wp\/v2\/posts\/10467\/revisions\/10468"}],"wp:featuredmedia":[{"embeddable":true,"href":"http:\/\/www.assoalawimaroc.com\/index.php?rest_route=\/wp\/v2\/media\/10469"}],"wp:attachment":[{"href":"http:\/\/www.assoalawimaroc.com\/index.php?rest_route=%2Fwp%2Fv2%2Fmedia&parent=10467"}],"wp:term":[{"taxonomy":"category","embeddable":true,"href":"http:\/\/www.assoalawimaroc.com\/index.php?rest_route=%2Fwp%2Fv2%2Fcategories&post=10467"},{"taxonomy":"post_tag","embeddable":true,"href":"http:\/\/www.assoalawimaroc.com\/index.php?rest_route=%2Fwp%2Fv2%2Ftags&post=10467"}],"curies":[{"name":"wp","href":"https:\/\/api.w.org\/{rel}","templated":true}]}}